{"id":1161,"date":"2019-12-27T10:00:14","date_gmt":"2019-12-27T09:00:14","guid":{"rendered":"http:\/\/www.osservatoriodiscriminazioni.org\/?p=1161"},"modified":"2020-04-15T22:34:46","modified_gmt":"2020-04-15T20:34:46","slug":"discriminazione-pre-ruolo-docenti-corte-dappello-aquila-sentenza-del-7-giungo-2018","status":"publish","type":"post","link":"http:\/\/www.osservatoriodiscriminazioni.org\/index.php\/2019\/12\/27\/discriminazione-pre-ruolo-docenti-corte-dappello-aquila-sentenza-del-7-giungo-2018\/","title":{"rendered":"Personale docente a tempo determinato, Corte d&#8217;Appello Aquila, sentenza del 7 giugno 2018"},"content":{"rendered":"<p style=\"text-align: center;\">REPUBBLICA ITALIANA<\/p>\n<p style=\"text-align: center;\">IN NOME DEL POPOLO ITALIANO<\/p>\n<p style=\"text-align: center;\">\u00a0 LA CORTE D&#8217;APPELLO DI L&#8217;AQUILA<\/p>\n<p>&nbsp;<\/p>\n<p>All&#8217;udienza del 7\/6\/2018\u00a0\u00a0\u00a0\u00a0 ha pronunciato la seguente<\/p>\n<p style=\"text-align: center;\">SENTENZA<\/p>\n<p>Con motivazione contestuale ai sensi dell&#8217;art. 281sexies c.p\u00b7.c..<\/p>\n<p>Nella causa in grado d&#8217;appello, contro la sentenza n. 159 pronunciata dal Tribunale di Chieti\u00a0\u00a0\u00a0 in data 13\/7\/2017 iscritta al n. 691\/17\u00a0\u00a0\u00a0\u00a0 R.G., promossa da I\u00a0\u00a0\u00a0\u00a0\u00a0\u00a0\u00a0\u00a0 I<\/p>\n<p style=\"text-align: right;\">&#8212; rappresentato e difeso dall&#8217;Avv. Francesco Orecchioni,<\/p>\n<p>contro MINISTERO dell&#8217;ISTRUZIONE, UNIVERSIT\u00c0&#8217; e RICERCA, fil persona del Ministro pro tempore, e per i&#8217;ISTITUTO d&#8217;ISTRUZIONE SUPERIORE &#8220;A. Volta&#8221; \u00a0rappresentati\u00a0 e difesi \u00a0ex lege \u00a0dall&#8217;avvocatura \u00a0Distrettuale \u00a0dello \u00a0Stato \u00a0di \u00a0l&#8217;Aquila,\u00a0\u00a0\u00a0 \u00a0d<\/p>\n<p>ando \u00a0lettura\u00a0 in\u00a0udienza,<\/p>\n<p>all&#8217;esito della camera di consiglio, del dispositivo e della concisa esposizione delle ragioni di fatto \u00b7e di diritto poste a fondamento della decisione<\/p>\n<p>I\u00a0\u00a0\u00a0\u00a0\u00a0\u00a0\u00a0\u00a0\u00a0\u00a0\u00a0\u00a0\u00a0\u00a0\u00a0\u00a0\u00a0\u00a0\u00a0 I, docente della scuola secondaria, impugna fa sentenza indicata in epigrafe che ha negato il suo diritto all&#8217;atto dell&#8217;immissione in ruolo, avvenuta ]&#8217; 1 \/9\/07, all&#8217;integrale riconoscimento dell&#8217;anzianit\u00e0 di servizio maturata nel servizio pre ruolo, avendo ritenuto applicabile l&#8217;art. 485 del dlgs.297\/94.<\/p>\n<p>Deduce :in primo luogo l&#8217;omessa pronuncia sull&#8217;eccezione di difetto di legittimazione passiva dell Istituto Superiore Statale A. Volta di &#8230;., avendo egli evocato in giudizio il Ministero dell&#8217;istruzione, Universit\u00e0 e Ricerca, non essendo sufficiente la delega da pane dell&#8217;Avvocatura al Dirigente scolastico del suddetto istituto a costituirsi fil giudizio per il Miur ai sensi dell&#8217;art. 417 bis c.p.c.., come affermato dal Dirigente, atteso che in tal modo s\u00ec viene a confondere la rappresentanza processuale con la legittimatio ad causam.<\/p>\n<p>Sostiene con un secondo motivo d\u00ec gravame, e passando al merito della vertenza, la violazione e falsa applicazione\u00a0\u00a0\u00a0\u00a0 della clausola 4, punto\u00a01 dell&#8217;accordo \u00a0quadro CES, UNICE e CEEP sul lavoro a tempo determinato, concluso il 18 marzo 1999, contenuto in allegato alla direttiva del Consiglio 28 giugno 1999, 1999\/70\/CE, che ]prevede il divieto di un trattamento meno favorevole per i lavoratori con contratto a \u00a0tempo \u00a0determinato, clausola self executing, principio che afferma essere stato ribadito anche dalla pronuncia della Corte di Giustizia europea\u00a0 \u00a0C-444\/09 e C-456\/09 Gavieiro.<\/p>\n<p>Rileva come nel caso di specie egli aveva rappresentato che l&#8217;amministrazione scolastica in luogo di riconoscere l&#8217;intero servizio pre ruolo, pari a 12 anni di servizio ne aveva riconosciuti poco pi\u00f9 di 9; qualora si fosse trattato di servizio di ruolo, tale servizio sarebbe stato riconosciuto per intero, senza la penalizzazione operata con l applicazione dell art. 485 d.lgs. 297\/9\u00b74, norma che ritiene debba considerarsi superata per contrasto con la normativa eurounitaria e con quella nazionale.<\/p>\n<p>Con un terzo motivo denuncia violazione e falsa applicazione dell&#8217;art I l, comma 14, legge 124\/ 1999,. che detta i criteri per la individuazione, in relazione al servizio non di ruolo dell&#8217;anno scolastico che pu\u00f2 essere computato, sul presupposto che, trattandosi di disposizione successiva al d.lgs. 297\/94, \u00e8 dia ritenersi che la precedente contraria disposizione in esso contenuta sia stata tacitamente abrogata; e, comunque, contesta che la ratio ispiratrice dell&#8217;art. 485 del d.lgs. 297\/94 possa essere individuata in una norma entrata in vigore successivamente, come preteso dal giudicante;<\/p>\n<p>con un quarto e ultimo motivo denuncia la violazione del principio del divieto di reformatio in peius del trattamento retributivo e contrasto di giudicati, rilevando come nel caso di specie egli avesse gi\u00e0 ottenuto l&#8217;integrale riconoscimento del servizio pre ruolo con sentenza del Tribunale di Chieti, decisione ormai passata in giudicato, di cui quindi doveva essere tenuto conto al momento\u00a0della ricostruzione della carriera; rilevando altres\u00ec come la\u00a0 ricostruzione di carriera operata dopo la sua immissione in ruolo abbia determinato un peggioramento delle sue condizioni retributive .<\/p>\n<p>Conclude pertanto chiedendo la riforma della sentenza, con conseguente accoglimento della sua domanda.<\/p>\n<p>Si \u00e8 costituito il Ministero, replicando ai motivi d&#8217;appello, in particolare sostenendo che la clausola 4 della direttiva 1999\/70\/CE, nel sancire il principio di non discriminazione nell&#8217;utilizzo dei contratti a termine, riguarda una fattispecie diversa da quella qui trattata, dove non si fa questione di abuso nell&#8217;utilizzo dei contratti a termine, ma si contestano i criteri normativamente fissati per l&#8217;immissione in ruolo.<\/p>\n<p>Eccepisce comunque l&#8217;intervenuta prescrizione e conclude per il rigetto del gravame.<\/p>\n<p>U primo motivo d&#8217;appello appare senz&#8217;altro fondato, atteso che l&#8217;art. 417 bis c.p.c., nel riconoscere -quando la\u00a0 controversia di lavoro riguardi dipendenti delle pubbliche amministrazioni- la facolt\u00e0 per queste ultime di farsi assistere, limitatamente al giudizio \u00b7di primo grado, da propri dipendenti, si riferisce alla rappresentanza processuale, fermo restando,. ex art. 81 c.p.c.&#8221; che in giudizio deve costituirsi chi ha la\u00a0 titolarit\u00e0 attiva o passiva del diritto fatto valere, vale a dire la legitimatio ad causam, cio\u00e8 il potere e, rispettivamente, il dovere dli promuovere o subire il giudizio in ordine al rapporto sostanziale dedotto in causa, secondo la prospettazione offerta dall&#8217;attore.<\/p>\n<p>Nel caso di specie la legitimatio ad causam \u00e8 pertanto del Ministero, nei cui confronti infatti \u00e8 stata azionata La domanda, il fatto che il Ministero decidesse di farsi rappresentare, nulla eccependo, ex art. 417 bis, 2\u00b0 comma, l&#8217;Avvocatura dello Stato, da un funzionario scolastico, non implica che dovesse anche costituirsi in giudizio la istituzione scolastica, a cui quel funzionario era assegnato.<\/p>\n<p>Pertanto il Ministero devo considerarsi contumace in primo grado. Il secondo motivo d&#8217;appello appare egualmente fondato.<\/p>\n<p>Ed invero l&#8217;art. 485 del d.lgs. 29711994 stabilisce che &#8220;al personale docente delle scuole di istruzione secondaria ed artistica, il servizio prestato presso le predette scuole statali e pareggiate, comprese quelle all&#8217;estero, in qualit\u00e0 di docente non di ruolo, \u00e8 riconosciuto come servizio di ruolo, a fini giuridici ed economici, per intero per i primi quattro anni e per i due terzi del periodo eventualmente eccedente, nonch\u00e9 a solo fini economici per il rimanente terzo&#8221;, la norma pertanto prevede il pieno riconoscimento ai fini giuridici ed economici del servizio pre ruolo solo nei limiti di 4 anni e prevede il riconoscimento\u00a0dell&#8217;ulteriore periodo per due terzi a fini giuridici ed economici \u00b7e per l&#8217;altro terzo a soli fini economici, mentre solo l&#8217;anzianit\u00e0 a fini giuridici ed economici \u00e8 utile per l&#8217;inquadramento e la progressione nelle posizioni e fasce stipendiali.<\/p>\n<p>Non v&#8217;\u00e8 dubbio pertanto che l&#8217;art. 485 crea una disparit\u00e0 di trattamento tra personale di ruolo e personale non di ruolo, stante che al primo viene riconosciuto integralmente tutto il servizio prestato, mentre al secondo gli viene riconosciuto solo per i primi 4 anni, mentre per quelli successivi gli viene riconosciuto solo per due terzi.<\/p>\n<p>Tale disparit\u00e0 si traduce in una incompatibilit\u00e0 della norma interna, che esclude appunto il personale a tempo\u00a0determinato dalla progressione economica riconosciuta solo al personale assunto a tempo indeterminato, con il conseguente mancato computo integrale degli anni di servizio a termine al momento della ricostruzione di carriera, rispetto alla clausola 4 dell&#8217;accordo quadro europeo allegato alla direttiva 199&#8217;9\/70\/CE.<\/p>\n<p>N\u00e9 pu\u00f2 sostenersi, come fa il Ministero appellato, che non pu\u00f2 rilevare il richiamo alla clausola 4 sancendo essa il principio di non discriminazione nell&#8217;utilizzo dei contratti a termine, mentre nel caso di specie \u00a0non si fa questione di abuso\u00a0 nell&#8217;utilizzo dei contratti a termine, ma si contestano i criteri normativamente fissati per l&#8217;immissione in ruolo.<\/p>\n<p>In realt\u00e0 l&#8217;art. 485, nello stabilire un criterio di computo del servizio pre ruolo in modo penalizzante, viene a realizzar\u00b7e quella disparit\u00e0 di trattamento tra personale di ruolo, la cui anzianit\u00e0 di servizio viene computata integralmente per tutti gli\u00a0anni di servizio svolti, e personale non di molo, la cui anzianit\u00e0 di servizio viene computata integralmente solo per una parte degli anni di insegnamento, che la clausola 4 dell&#8217;accordo quadro vieta.<\/p>\n<p>Egualmente fondato \u00e8 il terzo motivo d&#8217;appello circa la falsa applicazione dell&#8217;art. 11, comma 14, della fogge 124\/99, che prevede per l&#8217;insegnamento non di ruolo\u00a0 \u00a0che sia\u00a0 considerato come anno scolastico intero quello che ha avuto durata di almeno 180 giorni, oppure se il servizio sia stato prestato ininterrottamente dal 1\u00b0 febbraio fino al termine delle operazioni di scrutinio finale, stante che tale norma \u00e8 stata presa in considerazione dal giudicante per escludere una violazione del principio di parit\u00e0 di trattamento, sul presupposto che il riconoscimento parziale del\u00a0servizio pre ruolo \u00e8 compensato da\u00a0una regola secondo la quale per tale ultimo servizio, gli anni scolastici in cui ci sono 180 giorni di servizio, valgono come anni interi, regola che, secondo il giudicante, potrebbe condurre ad un trattamento di maggior favore per \u00a0i \u00a0lavoratori \u00a0a tempo \u00a0determinato rispetto a quelli assunti a tempo indeterminato, i quali per vedersi computare l&#8217;intero anno scolastico devono \u00a0prestare servizio per \u00a012 mesi consecutivi.<\/p>\n<p>Non solo non pu\u00f2 individuarsi la ratio ispiratrice della disposizione di cui all&#8217;art. 485 d.lgs. 29711994 sulla base di una \u00a0legge \u00a0entrata \u00a0in vigore \u00a05 \u00a0anni \u00a0dopo\u00a0 come\u00a0 rilevato dall&#8217;appellante, ma oltretutto non premile in considerazione il giudicante che questa situazione di miglior favore da lui indicata sia comunque limitata ai primi 4 anni di servizio, ed inoltre non spiega il diverso trattamento stabilito per gli anni successivi ai primi 4, nei quali il docente potrebbe lavorare anche per un numero maggiore di 180 giorni.<\/p>\n<p>Anche il quarto motivo d&#8217;appello deve considerarsi fondato,\u00a0atteso che, avendo gi\u00e0 avuto l&#8217;appellante con sentenza passata in giudicato, resa in un pregresso giudizio, l&#8217;integrale riconoscimento del servizio pre ruolo, non pu\u00f2 tale decisione essere ignorata nel momento in cui, a seguito dell&#8217;assunzione in ruolo, viene ricostruita la carriera.<\/p>\n<p>Proprio sotto tale profilo non pu\u00f2 essere presa in considerazione la richiesta, avanzata in udienza dall&#8217;Avvocatura dello Stato di sospensione del presente giudizio in attesa della pregiudiziale sollevata dal Tribunale di Trento in data 3 agosto 2017 circa la compatibilit\u00e0 dell&#8217; art. 485 d.lgs. 297\/94 con la clausola 4 dell&#8217; accordo quadro.<\/p>\n<p>Non si condivide poi l&#8217;affermazione del giudicante, secondo cui nessun danno sarebbe derivato all&#8217;appellante dal mancato riconoscimento integrale del servizio pre ruolo, stante che, individuando il contratto collettivo di riferimento dell&#8217;agosto 2011 sei posizioni stipendiali, <u>c<\/u>orrispondenti alle fasce di anzianit\u00e0 0\/8 di servizio, 9\/14, 15\/20, 21\/ 17, 28\/34 e dai 35 in poi, il I\u00a0\u00a0\u00a0\u00a0\u00a0\u00a0\u00a0\u00a0\u00a0\u00a0\u00a0 I \u00e8 stato collocato nella fascia 9\/ 14, ossia nella medesima fascia \u00a0in cui sarebbe stato collocato\u00a0 \u00a0ove gli fosse stata riconosciuta l&#8217;integrale anzianit\u00e0 di servizio pari a 12 anni, stante che il mancato integrale riconoscimento dell&#8217;anzianit\u00e0 di servizio pre\u00a0 ruolo potrebbe comunque nuocergli ove un\u00a0 successivo contratto collettivo introducesse una rimodulazione delle posizioni stipendiali, che facesse salvi solo in parte, ed a certe condizioni, i diritti gi\u00e0 acquisiti (a tacer del fatto che il riconoscimento di soli due terzi del servizio riconosciuti dopo il quarto anno riverbera i suoi effetti negativi su eventuali trasferimenti, nonch\u00e9 \u00a0ai fini pensionistici e del trattamento dli fine rapporto).<\/p>\n<p>Irrilevante, tacer d&#8217;altro, \u00e8 infine l&#8217;eccezione di prescrizione quinquennale, avendo il ricorrente richiesto le differenze retributive nei limiti della predetta prescrizione .<\/p>\n<p>L&#8217;appello pertanto merita accoglimento.<\/p>\n<p>Le spese di entrambi i gradi del giudizio, liquidate nella misura indicata in dispositivo e da distrarsi, seguono la soccombenza.<\/p>\n<p style=\"text-align: center;\">P.Q.M.<\/p>\n<p>La Corte d&#8217;Appello di L&#8217;Aquila, definitivamente pronunciando sull&#8217;appello proposto avverso la sentenza n. 159\/17 del Tribunale di Chieti, cos\u00ec decide nel contraddittorio delle parti :<\/p>\n<p>&nbsp;<\/p>\n<p>in accoglimento dell&#8217;appello, ed in riforma della sentenza impugnata, dichiara l&#8217;illegittimit\u00e0 del parziale riconoscimento dell&#8217;anzianit\u00e0 di servizio, con condanna del Ministero al pagamento delle differenze retributive nei limiti della prescrizione\u00a0quinquennale, oltre\u00a0interessi;<\/p>\n<p>Condanna il Ministero al pagamento delle spese di lite che liquida in euro 1961 per compensi ed euro 49 per esborsi quanto al primo grado, ed in euro 1830 per compensi ed euro 7350 per esborsi per il presente grado, oltre, per entrambi gli importi, spese generali nella misura del 15%, IVA e CPA.<\/p>\n<p>Dispone la distrazione delle somme come sopra liquidate.<\/p>\n<p>&nbsp;<\/p>\n<p>Il Presidente estensore Rita Sannite<\/p>\n","protected":false},"excerpt":{"rendered":"<p>REPUBBLICA ITALIANA IN NOME DEL POPOLO ITALIANO \u00a0 LA CORTE D&#8217;APPELLO DI L&#8217;AQUILA &nbsp; All&#8217;udienza del 7\/6\/2018\u00a0\u00a0\u00a0\u00a0 ha pronunciato la<\/p>\n","protected":false},"author":3,"featured_media":1162,"comment_status":"closed","ping_status":"open","sticky":false,"template":"","format":"standard","meta":[],"categories":[42,5],"tags":[31,17],"yoast_head":"<!-- This site is optimized with the Yoast SEO plugin v16.1.1 - https:\/\/yoast.com\/wordpress\/plugins\/seo\/ -->\n<title>Discriminazione tra personale docente a tempo determinato a cui non \u00e8 riconosciuto pre ruolo<\/title>\n<meta name=\"description\" content=\"l&#039;art. 485 del d.lgs. 297\/94 esclude il personale a tempo determinato dalla progressione economica riconosciuta solo al personale a tempo indeterminato\" \/>\n<link rel=\"canonical\" href=\"http:\/\/www.osservatoriodiscriminazioni.org\/index.php\/2019\/12\/27\/discriminazione-pre-ruolo-docenti-corte-dappello-aquila-sentenza-del-7-giungo-2018\/\" \/>\n<meta property=\"og:locale\" content=\"it_IT\" \/>\n<meta property=\"og:type\" content=\"article\" \/>\n<meta property=\"og:title\" content=\"Discriminazione tra personale docente a tempo determinato a cui non \u00e8 riconosciuto pre ruolo\" \/>\n<meta property=\"og:description\" content=\"l&#039;art. 485 del d.lgs. 297\/94 esclude il personale a tempo determinato dalla progressione economica riconosciuta solo al personale a tempo indeterminato\" \/>\n<meta property=\"og:url\" content=\"http:\/\/www.osservatoriodiscriminazioni.org\/index.php\/2019\/12\/27\/discriminazione-pre-ruolo-docenti-corte-dappello-aquila-sentenza-del-7-giungo-2018\/\" \/>\n<meta property=\"og:site_name\" content=\"Osservatorio Sulle Discriminazioni\" \/>\n<meta property=\"article:publisher\" content=\"https:\/\/www.facebook.com\/osservatoriodiscriminaz\" \/>\n<meta property=\"article:published_time\" content=\"2019-12-27T09:00:14+00:00\" \/>\n<meta property=\"article:modified_time\" content=\"2020-04-15T20:34:46+00:00\" \/>\n<meta property=\"og:image\" content=\"http:\/\/www.osservatoriodiscriminazioni.org\/wp-content\/uploads\/2019\/12\/discriminazione-pre-ruolo-docenti.jpg\" \/>\n\t<meta property=\"og:image:width\" content=\"980\" \/>\n\t<meta property=\"og:image:height\" content=\"571\" \/>\n<meta name=\"twitter:card\" content=\"summary\" \/>\n<meta name=\"twitter:creator\" content=\"@ossdiscriminaz\" \/>\n<meta name=\"twitter:site\" content=\"@ossdiscriminaz\" \/>\n<meta name=\"twitter:label1\" content=\"Tempo di lettura stimato\">\n\t<meta name=\"twitter:data1\" content=\"9 minuti\">\n<script type=\"application\/ld+json\" class=\"yoast-schema-graph\">{\"@context\":\"https:\/\/schema.org\",\"@graph\":[{\"@type\":\"WebSite\",\"@id\":\"http:\/\/www.osservatoriodiscriminazioni.org\/#website\",\"url\":\"http:\/\/www.osservatoriodiscriminazioni.org\/\",\"name\":\"Osservatorio Sulle Discriminazioni\",\"description\":\"Monitoraggio della giurisprudenza italiana in tema di diritto antidiscriminatorio\",\"potentialAction\":[{\"@type\":\"SearchAction\",\"target\":\"http:\/\/www.osservatoriodiscriminazioni.org\/?s={search_term_string}\",\"query-input\":\"required name=search_term_string\"}],\"inLanguage\":\"it-IT\"},{\"@type\":\"ImageObject\",\"@id\":\"http:\/\/www.osservatoriodiscriminazioni.org\/index.php\/2019\/12\/27\/discriminazione-pre-ruolo-docenti-corte-dappello-aquila-sentenza-del-7-giungo-2018\/#primaryimage\",\"inLanguage\":\"it-IT\",\"url\":\"http:\/\/www.osservatoriodiscriminazioni.org\/wp-content\/uploads\/2019\/12\/discriminazione-pre-ruolo-docenti.jpg\",\"contentUrl\":\"http:\/\/www.osservatoriodiscriminazioni.org\/wp-content\/uploads\/2019\/12\/discriminazione-pre-ruolo-docenti.jpg\",\"width\":980,\"height\":571,\"caption\":\"l'art. 485 crea una disparit\\u00e0 di trattamento tra personale di ruolo e personale non di ruolo\"},{\"@type\":\"WebPage\",\"@id\":\"http:\/\/www.osservatoriodiscriminazioni.org\/index.php\/2019\/12\/27\/discriminazione-pre-ruolo-docenti-corte-dappello-aquila-sentenza-del-7-giungo-2018\/#webpage\",\"url\":\"http:\/\/www.osservatoriodiscriminazioni.org\/index.php\/2019\/12\/27\/discriminazione-pre-ruolo-docenti-corte-dappello-aquila-sentenza-del-7-giungo-2018\/\",\"name\":\"Discriminazione tra personale docente a tempo determinato a cui non \\u00e8 riconosciuto pre ruolo\",\"isPartOf\":{\"@id\":\"http:\/\/www.osservatoriodiscriminazioni.org\/#website\"},\"primaryImageOfPage\":{\"@id\":\"http:\/\/www.osservatoriodiscriminazioni.org\/index.php\/2019\/12\/27\/discriminazione-pre-ruolo-docenti-corte-dappello-aquila-sentenza-del-7-giungo-2018\/#primaryimage\"},\"datePublished\":\"2019-12-27T09:00:14+00:00\",\"dateModified\":\"2020-04-15T20:34:46+00:00\",\"author\":{\"@id\":\"http:\/\/www.osservatoriodiscriminazioni.org\/#\/schema\/person\/6ab94f9e22fe6d45aa358019825cfff0\"},\"description\":\"l'art. 485 del d.lgs. 297\/94 esclude il personale a tempo determinato dalla progressione economica riconosciuta solo al personale a tempo indeterminato\",\"breadcrumb\":{\"@id\":\"http:\/\/www.osservatoriodiscriminazioni.org\/index.php\/2019\/12\/27\/discriminazione-pre-ruolo-docenti-corte-dappello-aquila-sentenza-del-7-giungo-2018\/#breadcrumb\"},\"inLanguage\":\"it-IT\",\"potentialAction\":[{\"@type\":\"ReadAction\",\"target\":[\"http:\/\/www.osservatoriodiscriminazioni.org\/index.php\/2019\/12\/27\/discriminazione-pre-ruolo-docenti-corte-dappello-aquila-sentenza-del-7-giungo-2018\/\"]}]},{\"@type\":\"BreadcrumbList\",\"@id\":\"http:\/\/www.osservatoriodiscriminazioni.org\/index.php\/2019\/12\/27\/discriminazione-pre-ruolo-docenti-corte-dappello-aquila-sentenza-del-7-giungo-2018\/#breadcrumb\",\"itemListElement\":[{\"@type\":\"ListItem\",\"position\":1,\"item\":{\"@type\":\"WebPage\",\"@id\":\"http:\/\/www.osservatoriodiscriminazioni.org\/\",\"url\":\"http:\/\/www.osservatoriodiscriminazioni.org\/\",\"name\":\"Home\"}},{\"@type\":\"ListItem\",\"position\":2,\"item\":{\"@type\":\"WebPage\",\"@id\":\"http:\/\/www.osservatoriodiscriminazioni.org\/index.php\/2019\/12\/27\/discriminazione-pre-ruolo-docenti-corte-dappello-aquila-sentenza-del-7-giungo-2018\/\",\"url\":\"http:\/\/www.osservatoriodiscriminazioni.org\/index.php\/2019\/12\/27\/discriminazione-pre-ruolo-docenti-corte-dappello-aquila-sentenza-del-7-giungo-2018\/\",\"name\":\"Personale docente a tempo determinato, Corte d&#8217;Appello Aquila, sentenza del 7 giugno 2018\"}}]},{\"@type\":\"Person\",\"@id\":\"http:\/\/www.osservatoriodiscriminazioni.org\/#\/schema\/person\/6ab94f9e22fe6d45aa358019825cfff0\",\"name\":\"Jennifer Michelotti\",\"image\":{\"@type\":\"ImageObject\",\"@id\":\"http:\/\/www.osservatoriodiscriminazioni.org\/#personlogo\",\"inLanguage\":\"it-IT\",\"url\":\"http:\/\/0.gravatar.com\/avatar\/c6485836d0e47edbb733e5a03fce9730?s=96&d=mm&r=g\",\"contentUrl\":\"http:\/\/0.gravatar.com\/avatar\/c6485836d0e47edbb733e5a03fce9730?s=96&d=mm&r=g\",\"caption\":\"Jennifer Michelotti\"}}]}<\/script>\n<!-- \/ Yoast SEO plugin. -->","_links":{"self":[{"href":"http:\/\/www.osservatoriodiscriminazioni.org\/index.php\/wp-json\/wp\/v2\/posts\/1161"}],"collection":[{"href":"http:\/\/www.osservatoriodiscriminazioni.org\/index.php\/wp-json\/wp\/v2\/posts"}],"about":[{"href":"http:\/\/www.osservatoriodiscriminazioni.org\/index.php\/wp-json\/wp\/v2\/types\/post"}],"author":[{"embeddable":true,"href":"http:\/\/www.osservatoriodiscriminazioni.org\/index.php\/wp-json\/wp\/v2\/users\/3"}],"replies":[{"embeddable":true,"href":"http:\/\/www.osservatoriodiscriminazioni.org\/index.php\/wp-json\/wp\/v2\/comments?post=1161"}],"version-history":[{"count":3,"href":"http:\/\/www.osservatoriodiscriminazioni.org\/index.php\/wp-json\/wp\/v2\/posts\/1161\/revisions"}],"predecessor-version":[{"id":1175,"href":"http:\/\/www.osservatoriodiscriminazioni.org\/index.php\/wp-json\/wp\/v2\/posts\/1161\/revisions\/1175"}],"wp:featuredmedia":[{"embeddable":true,"href":"http:\/\/www.osservatoriodiscriminazioni.org\/index.php\/wp-json\/wp\/v2\/media\/1162"}],"wp:attachment":[{"href":"http:\/\/www.osservatoriodiscriminazioni.org\/index.php\/wp-json\/wp\/v2\/media?parent=1161"}],"wp:term":[{"taxonomy":"category","embeddable":true,"href":"http:\/\/www.osservatoriodiscriminazioni.org\/index.php\/wp-json\/wp\/v2\/categories?post=1161"},{"taxonomy":"post_tag","embeddable":true,"href":"http:\/\/www.osservatoriodiscriminazioni.org\/index.php\/wp-json\/wp\/v2\/tags?post=1161"}],"curies":[{"name":"wp","href":"https:\/\/api.w.org\/{rel}","templated":true}]}}