{"id":1203,"date":"2020-03-06T11:23:34","date_gmt":"2020-03-06T10:23:34","guid":{"rendered":"http:\/\/www.osservatoriodiscriminazioni.org\/?p=1203"},"modified":"2020-03-06T11:23:34","modified_gmt":"2020-03-06T10:23:34","slug":"discriminazione-genere-tribunale-pesaro-decreto-del-07-01-2020","status":"publish","type":"post","link":"http:\/\/www.osservatoriodiscriminazioni.org\/index.php\/2020\/03\/06\/discriminazione-genere-tribunale-pesaro-decreto-del-07-01-2020\/","title":{"rendered":"imposizione turno pomeridiano ad una lavoratrice al rientro maternit\u00e0, discriminazione di genere, Tribunale di Pesaro, decreto del 07.01.2020"},"content":{"rendered":"<p style=\"text-align: center;\">REPUBBLICA ITALIANA<\/p>\n<p>Il Tribunale di Pesaro<\/p>\n<p>In persona del giudice del lavoro dott. Maurizio Paganelli, ha emesso il seguente<\/p>\n<p style=\"text-align: center;\"><strong>DECRETO<\/strong><\/p>\n<p>A scioglimento della riserva formulata all\u2019udienza del 17.12.2019 , nella causa iscritta al n. 508 \/2019 , in corso tra<\/p>\n<p>, rappresentata e difesa dall\u2019avv. Virgilio Quagliato,<\/p>\n<p style=\"text-align: right;\"><strong>RICORRENTE<\/strong><\/p>\n<p>contro<\/p>\n<p>, rappresentata e difesa dagli avv. Giovanni Nardelli e Lorenzo Ruggeri,<\/p>\n<p style=\"text-align: right;\"><strong>RESISTENTE<\/strong><\/p>\n<p><strong>Avente ad oggetto: ricorso a norma dell\u2019art. 38, D.LGS. N. 198\/2006.<\/strong>.<\/p>\n<p style=\"text-align: center;\"><strong>OSSERVATO IN FATTO E DIRITTO<\/strong><\/p>\n<p>Con ricorso depositato in data 10.06.2019 la ricorrente esponeva di lavorare in qualit\u00e0 di operatrice socio sanitaria, per l\u2019Istituto resistente che gestiva una casa di riposo sita in xxxxx.<\/p>\n<p>La struttura era diretta da due religiose con alle proprie dipendenze circa 26 addetti.<\/p>\n<p>Gli operatori socio sanitari lavoravano su tre turni: mattutino (6.20-14.00); pomeridiano (14.00-21.30), e notturno (21.30-7.00), con le seguenti rotazioni: due mattine, un pomeriggio, una notte, smonto e riposo. Assunta nel 2008, dall\u2019anno successivo aveva sempre lavorato ruotando nelle tre turnazioni.<\/p>\n<p>L\u2019istante, nel luglio 2014 comunicava alla datrice di lavoro la propria quarta gravidanza. Per ragioni di salute anticip\u00f2 il congedo per maternit\u00e0, infastidendo la superiora che, oltre a riferire che l\u2019istante \u201csfornasse figli come conigli\u201d raccomand\u00f2 ai colleghi di non nominarla.<\/p>\n<p>Tornata dalla maternit\u00e0 nell\u2019ottobre 2015, le venne comunicato un diverso orario di lavoro: dalle 16.00 alle 21.00. Neppure le venne consegnata la divisa ci\u00f2 che avvenne solo nel 2017.<\/p>\n<p>La ricorrente aveva chiesto pi\u00f9 volte di poter modificare il proprio orario di lavoro, lavorando anche di mattina, al fine di poter avere pi\u00f9 tempo per stare con i propri figli, tre dei quali andavano a scuola mentre il marito aveva un proprio lavoro. I figli pi\u00f9 grandi erano cos\u00ec costretti a passare gran parte del loro pomeriggio (dalle 16.00 alle 18.00) in casa a controllare i due fratelli pi\u00f9 piccoli, di 8 e 4 anni. La presenza contemporanea della madre con i figli nel pomeriggio era limitata al giorno di domenica.<\/p>\n<p>La resistente non adibiva l\u2019istante al turno mattutino neppure quando si trattava di sostituire personale che lavorava in tale turno, preferendo assumere personale esterno. Neppure la risoluzione di due rapporti di lavoro con altrettante OOSS e l\u2019assunzione di nuovo personale aveva consentito alla ricorrente di accedere al turno mattutino.<\/p>\n<p>Il rifiuto della datrice di lavoro di consentire alla ricorrente di lavorare anche sul turno mattutino era discriminatorio perch\u00e9 motivato dalla condizione di madre della ricorrente.<\/p>\n<p>Sintomatiche della discriminazione di cui era vittima erano anche la sanzione disciplinare di 3 giorni di sospensione dal lavoro e dalla retribuzione &#8211; ritenuta palesemente sproporzionata &#8211; comminata per aver consegnato in orario di lavoro ad una collega di prodotti Yves Rocher venduti dalla figlia della ricorrente e l\u2019omessa convocazione ad un corso di formazione a cui erano state invitate anche le colleghe in malattia.<\/p>\n<p>La ricorrente chiedeva che, accertata la natura discriminatoria dei comportamenti denunciati, la resistente fosse condannata ad assegnare all\u2019istante turni lavorativi analoghi a quelli assegnati agli altri OOSS (due mattine, un pomeriggio, una notte uno smonto e un riposo), oltre al risarcimento del danno morale e patrimoniale.<\/p>\n<p>La resistente chiedeva il rigetto del ricorso per le ragioni che saranno esposte.<\/p>\n<p style=\"text-align: center;\">***<\/p>\n<p>La convenuta nega che lo speciale procedimento previsto dall\u2019art. 38, del d.lgs. n. 198\/2006, sia applicabile alla fattispecie in esame, perch\u00e9 le doglianze della ricorrente non sarebbero ascrivibili in alcun modo al contesto delle discriminazioni di genere disciplinate dalla norma e perch\u00e9 difetterebbe il presupposto dell\u2019urgenza e tempestivit\u00e0 (la condotta assunta come discriminatoria datava al mese di ottobre 2015).<\/p>\n<p>Entrambe le eccezioni vanno disattese.<\/p>\n<p>La ricorrente deduce di essere trattata in modo sfavorevole rispetto ad altri dipendenti della struttura in ragione della propria condizione di madre. Il trattamento sfavorevole consisterebbe nell\u2019adibizione in via continuativa e senza eccezioni al turno di lavoro pomeridiano, a differenza degli altri OOSS impiegati nella struttura, che osservano turni che li impegnano a giorni alterni il mattino, il pomeriggio o la notte. La discriminazione sarebbe stata attuata a partire dall\u2019ottobre 2015, al rientro della lavoratrice dalla quarta maternit\u00e0 e troverebbe motivo proprio nella sua condizione di madre, non essendo emerse altre possibili giustificazioni del comportamento datoriale.<\/p>\n<p>Pare al decidente che in tal modo l\u2019istante abbia allegato una discriminazione diretta, attuata mediante l\u2019assegnazione di un orario di lavoro diverso da quello della generalit\u00e0 degli altri dipendenti.<\/p>\n<p>Tale \u00e8 infatti la definizione di discriminazione diretta evincibile dall\u2019art. 25 del d.lg. 198\/2006 (\u201d<em>Costituisce discriminazione diretta, ai sensi del presente titolo, qualsiasi disposizione, criterio, prassi, atto, patto o comportamento, nonch\u00e9 l\u2019ordine di porre in essere un atto o un comportamento, che produca un effetto pregiudizievole discriminando le lavoratrici o i lavoratori in ragione del loro sesso e, comunque, il trattamento meno favorevole rispetto a quello di un\u2019altra lavoratrice o di un altro lavoratore in situazione analoga<\/em>\u201d).<\/p>\n<p>Rientra adesso esplicitamente nella tutela del fattore-genere, ai sensi del comma 2-bis della norma, anche il trattamento deteriore basato sullo stato di gravidanza, di maternit\u00e0 o paternit\u00e0, anche adottive, o in ragione di titolarit\u00e0\/esercizio dei diritti connessi a tali status, e ci\u00f2 in conseguenza della novella di cui all\u2019art. 1, c. 1, lett. p), n. 2, d.lgs. 25.1.2010, n. 5, apportata in attuazione della direttiva 2006\/54\/CE.<\/p>\n<p>La speciale tutela prevista dall\u2019art. 38, del d.lgs. 198\/2006 si applica \u201c<em>Qualora vengano poste in essere discriminazioni in violazione dei divieti di cui al capo II del presente titolo\u2026 o comunque discriminazioni nell&#8217;accesso al lavoro, nella promozione e nella formazione professionale, nelle condizioni di lavoro compresa la retribuzione,\u2026\u201d<\/em>.<\/p>\n<p>Come rilevato dalla pi\u00f9 recente dottrina, i divieti di cui agli artt. 27-35 del codice possono coinvolgere tutti gli atti e i comportamenti (unilaterali o bilaterali) rilevanti ai fini della costituzione, dello svolgimento e della cessazione del rapporto. Sono coperte dai divieti tutte le fasi, quella precedente l\u2019instaurazione del vincolo (in cui il soggetto si trova in una posizione di mera aspirazione al posto di lavoro) e dell\u2019accesso, quella relativa alla formazione (nonch\u00e9 all\u2019orientamento, al perfezionamento, all\u2019aggiornamento, alla riqualificazione professionale, ai tirocini formativi e di orientamento), o allo svolgimento del rapporto (assegnazione di mansioni, trattamenti retributivi, trasferimenti, progressione in carriera ecc.), quella relativa all\u2019estinzione, quella dell\u2019accesso a forme di previdenza, di base e complementare, ed infine quella dell\u2019affiliazione ad associazioni sindacali o professionali.<\/p>\n<p>Il riferimento alle \u201c<em>condizioni di lavoro, compresa la retribuzione<\/em>\u201d, in ogni caso, implica l\u2019astratta riconducibilit\u00e0 della fattispecie in esame nell\u2019ambito delle discriminazioni considerate dal codice delle pari opportunit\u00e0.<\/p>\n<p>La tutela predisposta dall\u2019art. 38 non ha natura cautelare poich\u00e9 non presuppone una situazione di pericolo imminente che nella fattispecie sarebbe effettivamente arduo rinvenire (la condotta discriminatoria \u00e8 molto risalente nel tempo). L\u2019ordinamento assicura egualmente una tutela sommaria ossia particolarmente rapida, in ragione del rango degli interessi coinvolti, analogamente a quanto previsto in materia di tutela contro i comportamenti antisindacali (art. 28, L. 300\/1970) o, pi\u00f9 di recente e fino alle ultime riforme, di licenziamento ingiustificato.<\/p>\n<p>Nel merito il ricorso va accolto.<\/p>\n<p>L\u2019accertamento della discriminazione diretta presuppone un giudizio di relazione in forza del quale possa affermarsi che il trattamento differenziato riservato alla ricorrente si ricolleghi causalmente ad uno dei fattori di discriminazione considerati dalla legge e quindi nel caso specifico alla maternit\u00e0.<\/p>\n<p>Sul piano probatorio, in base all\u2019art. 40,\u00a0<em>Quando il ricorrente fornisce elementi di fatto, desunti anche da dati di carattere statistico relativi alle assunzioni, ai regimi retributivi, all&#8217;assegnazione di mansioni e qualifiche, ai trasferimenti, alla progressione in carriera ed ai licenziamenti, idonei a fondare, in termini precisi e concordanti, la presunzione dell&#8217;esistenza di atti, patti o<\/em><\/p>\n<p><em>comportamenti discriminatori in ragione del sesso, spetta al convenuto l&#8217;onere della prova sull&#8217;insussistenza della discriminazione<\/em>.<\/p>\n<p>Si tratta di un regime probatorio agevolato che favorisce i lavoratori e le lavoratrici nella dimostrazione del nesso di causalit\u00e0 tra trattamento differenziato e fattore di discriminazione, una volta che essi abbiano provato l\u2019esistenza in fatto di un trattamento differenziato rispetto al\u00a0<em>tertium comparationis\u00a0<\/em>prescelto. Il ricorrente dovr\u00e0 perci\u00f2: a) allegare ed eventualmente dimostrare il fattore di discriminazione cui si assume riferibile il trattamento differenziale; b) affermare e dimostrare l\u2019esistenza di un trattamento deteriore rispetto al termine di comparazione (e quindi a un soggetto, anche non pi\u00f9 esistente o anche solo ipotetico, ma comunque non portatore del fattore protetto), prova che potr\u00e0 darsi anche con l\u2019ausilio del dato statistico. Per la verifica del rapporto causale deve compiersi un giudizio di tipo alternativo- ipotetico ovvero interrogarsi sul se il soggetto avrebbe ricevuto quel trattamento se non fosse stato portatore del fattore protetto; se la risposta \u00e8 negativa quel trattamento ha natura discriminatoria.<\/p>\n<p>Una volta assolto il predetto onere da parte dell\u2019attore, sar\u00e0 il datore di lavoro a dover dimostrare fatti, necessariamente specifici ed obiettivamente verificabili, idonei a far ritenere, nel caso di discriminazione diretta, l\u2019inesistenza della discriminazione e quindi l\u2019esistenza di una ragione non discriminatoria del trattamento differenziato, alternativa a quella normativamente presunta, e avente\u00a0<strong>esclusiva\u00a0<\/strong>rilevanza causale, oppure l\u2019esistenza di una deroga, cio\u00e8 l\u2019esclusione della fattispecie dall\u2019area del divieto (ad es. quando il trattamento differenziale dipenda da una caratteristica essenziale della prestazione, oggettivamente apprezzata).<\/p>\n<p>Sulla base dell\u2019istruttoria svolta l\u2019istante ha assolto il proprio onere probatorio.<\/p>\n<p>E\u2019 infatti dimostrato, perch\u00e9 pacifico, che la ricorrente, madre di 4 figli, svolge le proprie mansioni esclusivamente in orario pomeridiano, a differenza delle altre 12 OOSS, impegnate in turni alternati mattino\/pomeriggio\/notte.<\/p>\n<p>Fanno eccezione oltre la xxx, impegnata dalle 15.00 alle 21.00, xxx (dalle 6.30 alle 13.00); alternandosi, xxx e xxx (10.00 &#8211; 12.30 e dalle 14.00 \u2013 17.30; 13.00 \u2013 19.00 o 13.30 \u2013 19.30).<\/p>\n<p>La ricorrente \u00e8 perci\u00f2 effettivamente l\u2019unica OOSS a lavorare senza eccezione alcuna nel turno pomeridiano.<\/p>\n<p>E\u2019 altres\u00ec provato che la ricorrente non \u00e8 mai stata utilizzata in turni pomeridiani per sostituire il personale temporaneamente assente a differenza di altri dipendenti (incontestato ma v. a conferma la teste xxx).<\/p>\n<p>Che la decisione di utilizzare la ricorrente in un turno esclusivamente pomeridiano abbia alla base ragioni attinenti le sue plurime maternit\u00e0 emerge sia da quanto riferito dai testi che dalla resistente.<\/p>\n<p>La teste xxxx ha dichiarato di aver sentito la direttrice dell\u2019istituto in occasione di un cambio turno lamentarsi del fatto che la ricorrente \u201c<em>sfornasse figli come conigli<\/em>\u201d.<\/p>\n<p>La stessa direttrice, sentita dal giudice, ha affermato che \u201c<em>non ho rilievi da fare alla ricorrente sullo svolgimento del suo turno ma ho necessit\u00e0 di impiegare la\u00a0<\/em><em>signora xxx in un turno che richiede una professionalit\u00e0 e soprattutto una continuit\u00e0 che la ricorrente non mi assicura<\/em>\u201d.<\/p>\n<p>Dal prospetto depositato dalla resistente all\u2019udienza del 01.08.2019, concernente le ore lavorate e quelle godute in regime di aspettativa, congedo ecc., emerge che i motivi di assenza dal lavoro della ricorrente a partire dall\u2019anno 2008 attengono in misura di gran lunga prevalente alla maternit\u00e0 o al congedo parentale, ad essa connesso. Complessivamente 900 giorni a fronte di 307 di malattia e 93 di infortunio (questi ultimi concentrati nel solo anno 2019).<\/p>\n<p>Si desume perci\u00f2 che la continuit\u00e0 lavorativa che la ricorrente, secondo la direttrice, non \u00e8 in grado di assicurare e che motiva la scelta di non impiegarla nel turno mattutino o in turni alternati, consegue alle frequenti assenze dovute alla fruizione degli istituti a protezione della maternit\u00e0.<\/p>\n<p>Ci\u00f2 \u00e8 esattamente quanto la legge intende vietare con le norme antidiscriminatorie e segnatamente con l\u2019art. 25, comma 2bis, in base al quale \u201c<em>Costituisce discriminazione, ai sensi del presente titolo, ogni trattamento meno favorevole in ragione dello stato di gravidanza, nonch\u00e9 di maternit\u00e0 o paternit\u00e0, anche adottive, ovvero in ragione della titolarit\u00e0 e dell&#8217;esercizio dei relativi diritti<\/em>\u00bb.<\/p>\n<p>La nozione di discriminazione ha un carattere puramente oggettivo e prescinde da qualunque intento malevolo del datore di lavoro, che pu\u00f2 discriminare un lavoratore per uno dei fattori di rischio considerati, anche indipendentemente da un\u00a0<em>animus\u00a0<\/em>malevolo.<\/p>\n<p>Il caso in esame ne rappresenta un caso emblematico. La sostituzione di una dipendente che ha frequenti gravidanze \u00e8 probabilmente pi\u00f9 complicata se lavora in turni spezzati piuttosto che su turno unico. Non assicurando la ricorrente la (ritenuta) necessaria continuit\u00e0 di servizio la si \u00e8 adibita al turno meno disagevole per l\u2019organizzazione aziendale. Ci\u00f2 non toglie che la convenuta, imponendo alla ricorrente il solo turno pomeridiano l\u2019abbia trattata diversamente per una ragione che l\u2019ordinamento disapprova poich\u00e9 la condizione di madre non pu\u00f2 costituire motivo per trattamenti differenziati dei lavoratori (per il rilievo oggettivo delle fattispecie discriminatorie di derivazione comunitaria e per l\u2019irrilevanza di concorrenti ragioni anche di natura economica, v. Cass. 6575\/2016).<\/p>\n<p>Non avendo la convenuta allegato altre ragioni a sostegno della condotta denunciata dalla lavoratrice, \u00e8 superfluo indagare gli ulteriori profili di discriminazione proposti.<\/p>\n<p>Relativamente alle conseguenze dell\u2019accoglimento del ricorso deve rilevarsi come, in corso di causa, la convenuta abbia proposto alla lavoratrice di subentrare nel turno mattutino assegnato alla dipendente Marini che si pensioner\u00e0 a febbraio 2020. Questa misura, sicuramente adeguata rispetto alle esigenze aziendali e sostanzialmente in linea con le aspettative della ricorrente, dovr\u00e0 essere anticipata dall\u2019inserimento immediato della Liberti nelle sostituzioni del personale temporaneamente assente, analogamente agli altri dipendenti.<\/p>\n<p>Circa il risarcimento del danno non patrimoniale reclamato dall\u2019attrice, deve precisarsi che il danno risarcibile non \u00e8 &#8220;<em>in re ipsa<\/em>&#8221; e va pertanto individuato, non nella lesione del diritto inviolabile, ma nelle conseguenze di tale lesione, sicch\u00e9 la sussistenza di tale danno non patrimoniale deve essere oggetto di allegazione e prova, e la sua liquidazione deve essere compiuta dal giudice sulla base, non di valutazioni astratte ma del concreto pregiudizio presumibilmente patito dalla vittima, per come da questa dedotto e provato\u201d (Cass. civ.ord. 31537\/18 in tema di danno all\u2019onore e reputazione, v. anche Cass.civ.sent. 2788\/19, sulla personalizzazione del danno forfettariamente individuato dalle tabelle).<\/p>\n<p>La prova di un apprezzabile pregiudizio di natura non patrimoniale direttamente connesso al turno di lavoro svolto non \u00e8 stata data. Appare sintomatico di tale assenza che la ricorrente abbia sollecitato per iscritto un mutamento del proprio orario di lavoro solo a dicembre 2018, a circa quattro anni dal cambio di turno. E\u2019 invece riscontrabile un pregiudizio indiretto. L\u2019urgenza di tutela della ricorrente si collega, verosimilmente e comprensibilmente, alla mutata condizione familiare riferita all\u2019udienza del 01.10.2019 (\u201c<em>Mia madre ha ormai 70 anni e non se la sente di svolgere questo ruolo<\/em>\u201d) che ha reso intollerabile la situazione. La condotta datoriale, limitando grandemente la presenza della madre in famiglia e in particolare con i figli, ha finito per incidere negativamente sulla vita familiare. E\u2019 questo il pregiudizio-conseguenza che va ristorato.<\/p>\n<p>In difetto di parametri legali pi\u00f9 precisi e dovendo la sanzione non essere simbolica n\u00e9 sproporzionata, appare adeguato un indennizzo di \u20ac 5.884,00, pari ad 1\/3 della retribuzione annua dell\u2019istante.<\/p>\n<p>Non si reputa possibile risarcire il danno patrimoniale richiesto poich\u00e9 l\u2019adibizione al turno notturno non pu\u00f2 ritenersi conseguenza obbligata per il datore di lavoro.<\/p>\n<p>Le spese di lite restano a carico della resistente e sono liquidate in complessivi \u20ac 3.000,00 per compenso al difensore e spese forfettarie, oltre iva e cpa come per legge.<\/p>\n<p style=\"text-align: center;\"><strong>P.Q.M.<\/strong><\/p>\n<p>Definitivamente pronunciando, ogni diversa istanza ed eccezione disattese, dichiara discriminatoria l\u2019adibizione in via esclusiva della ricorrente al turno di lavoro pomeridiano disposto dal mese di ottobre 2015; dispone che la convenuta in via immediata adibisca la ricorrente anche alla sostituzione dei dipendenti addetti ad altri turni e, dopo il pensionamento della dipendente xxx, al turno mattutino o comunque a mansioni che non siano espressive di un trattamento differenziato dell\u2019istante in ragione della maternit\u00e0.<\/p>\n<p>Condanna parte convenuta al risarcimento del danno non patrimoniale in favore della ricorrente che liquida in complessivi \u20ac 5884,00.<\/p>\n<p>Pone a carico di parte resistente le spese di lite che liquida come in parte motiva.<\/p>\n<p>Pesaro li 07.01.2020<\/p>\n<p>IL GIUDICE<\/p>\n<p>Dott. Maurizio Paganelli<\/p>\n<p>&nbsp;<\/p>\n<p>&nbsp;<\/p>\n","protected":false},"excerpt":{"rendered":"<p>REPUBBLICA ITALIANA Il Tribunale di Pesaro In persona del giudice del lavoro dott. Maurizio Paganelli, ha emesso il seguente DECRETO<\/p>\n","protected":false},"author":3,"featured_media":1205,"comment_status":"closed","ping_status":"open","sticky":false,"template":"","format":"standard","meta":[],"categories":[33,5],"tags":[11],"yoast_head":"<!-- This site is optimized with the Yoast SEO plugin v16.1.1 - https:\/\/yoast.com\/wordpress\/plugins\/seo\/ -->\n<title>rientro maternit\u00e0, imposizione turno pomeridiano ad una lavoratrice, discriminazione di genere, Tribunale di Pesaro, decreto del 07.01.2020<\/title>\n<meta name=\"description\" content=\"datore di lavoro, imposizione turno pomeridiano ad una lavoratrice al rientro maternit\u00e0, trattamento diverso dovuta alla condizione di madre.\" \/>\n<link rel=\"canonical\" href=\"http:\/\/www.osservatoriodiscriminazioni.org\/index.php\/2020\/03\/06\/discriminazione-genere-tribunale-pesaro-decreto-del-07-01-2020\/\" \/>\n<meta property=\"og:locale\" content=\"it_IT\" \/>\n<meta property=\"og:type\" content=\"article\" \/>\n<meta property=\"og:title\" content=\"rientro maternit\u00e0, imposizione turno pomeridiano ad una lavoratrice, discriminazione di genere, Tribunale di Pesaro, decreto del 07.01.2020\" \/>\n<meta property=\"og:description\" content=\"datore di lavoro, imposizione turno pomeridiano ad una lavoratrice al rientro maternit\u00e0, trattamento diverso dovuta alla condizione di madre.\" \/>\n<meta property=\"og:url\" content=\"http:\/\/www.osservatoriodiscriminazioni.org\/index.php\/2020\/03\/06\/discriminazione-genere-tribunale-pesaro-decreto-del-07-01-2020\/\" \/>\n<meta property=\"og:site_name\" content=\"Osservatorio Sulle Discriminazioni\" \/>\n<meta property=\"article:publisher\" content=\"https:\/\/www.facebook.com\/osservatoriodiscriminaz\" \/>\n<meta property=\"article:published_time\" content=\"2020-03-06T10:23:34+00:00\" \/>\n<meta property=\"og:image\" content=\"http:\/\/www.osservatoriodiscriminazioni.org\/wp-content\/uploads\/2020\/03\/imposizione-turno-pomeridiano-ad-una-lavoratrice-al-rientro-maternit\u00e0.jpg\" \/>\n\t<meta property=\"og:image:width\" content=\"500\" \/>\n\t<meta property=\"og:image:height\" content=\"331\" \/>\n<meta name=\"twitter:card\" content=\"summary\" \/>\n<meta name=\"twitter:creator\" content=\"@ossdiscriminaz\" \/>\n<meta name=\"twitter:site\" content=\"@ossdiscriminaz\" \/>\n<meta name=\"twitter:label1\" content=\"Tempo di lettura stimato\">\n\t<meta name=\"twitter:data1\" content=\"13 minuti\">\n<script type=\"application\/ld+json\" class=\"yoast-schema-graph\">{\"@context\":\"https:\/\/schema.org\",\"@graph\":[{\"@type\":\"WebSite\",\"@id\":\"http:\/\/www.osservatoriodiscriminazioni.org\/#website\",\"url\":\"http:\/\/www.osservatoriodiscriminazioni.org\/\",\"name\":\"Osservatorio Sulle Discriminazioni\",\"description\":\"Monitoraggio della giurisprudenza italiana in tema di diritto antidiscriminatorio\",\"potentialAction\":[{\"@type\":\"SearchAction\",\"target\":\"http:\/\/www.osservatoriodiscriminazioni.org\/?s={search_term_string}\",\"query-input\":\"required name=search_term_string\"}],\"inLanguage\":\"it-IT\"},{\"@type\":\"ImageObject\",\"@id\":\"http:\/\/www.osservatoriodiscriminazioni.org\/index.php\/2020\/03\/06\/discriminazione-genere-tribunale-pesaro-decreto-del-07-01-2020\/#primaryimage\",\"inLanguage\":\"it-IT\",\"url\":\"http:\/\/www.osservatoriodiscriminazioni.org\/wp-content\/uploads\/2020\/03\/imposizione-turno-pomeridiano-ad-una-lavoratrice-al-rientro-maternit\\u00e0.jpg\",\"contentUrl\":\"http:\/\/www.osservatoriodiscriminazioni.org\/wp-content\/uploads\/2020\/03\/imposizione-turno-pomeridiano-ad-una-lavoratrice-al-rientro-maternit\\u00e0.jpg\",\"width\":500,\"height\":331,\"caption\":\"discriminazione di genere\"},{\"@type\":\"WebPage\",\"@id\":\"http:\/\/www.osservatoriodiscriminazioni.org\/index.php\/2020\/03\/06\/discriminazione-genere-tribunale-pesaro-decreto-del-07-01-2020\/#webpage\",\"url\":\"http:\/\/www.osservatoriodiscriminazioni.org\/index.php\/2020\/03\/06\/discriminazione-genere-tribunale-pesaro-decreto-del-07-01-2020\/\",\"name\":\"rientro maternit\\u00e0, imposizione turno pomeridiano ad una lavoratrice, discriminazione di genere, Tribunale di Pesaro, decreto del 07.01.2020\",\"isPartOf\":{\"@id\":\"http:\/\/www.osservatoriodiscriminazioni.org\/#website\"},\"primaryImageOfPage\":{\"@id\":\"http:\/\/www.osservatoriodiscriminazioni.org\/index.php\/2020\/03\/06\/discriminazione-genere-tribunale-pesaro-decreto-del-07-01-2020\/#primaryimage\"},\"datePublished\":\"2020-03-06T10:23:34+00:00\",\"dateModified\":\"2020-03-06T10:23:34+00:00\",\"author\":{\"@id\":\"http:\/\/www.osservatoriodiscriminazioni.org\/#\/schema\/person\/6ab94f9e22fe6d45aa358019825cfff0\"},\"description\":\"datore di lavoro, imposizione turno pomeridiano ad una lavoratrice al rientro maternit\\u00e0, trattamento diverso dovuta alla condizione di madre.\",\"breadcrumb\":{\"@id\":\"http:\/\/www.osservatoriodiscriminazioni.org\/index.php\/2020\/03\/06\/discriminazione-genere-tribunale-pesaro-decreto-del-07-01-2020\/#breadcrumb\"},\"inLanguage\":\"it-IT\",\"potentialAction\":[{\"@type\":\"ReadAction\",\"target\":[\"http:\/\/www.osservatoriodiscriminazioni.org\/index.php\/2020\/03\/06\/discriminazione-genere-tribunale-pesaro-decreto-del-07-01-2020\/\"]}]},{\"@type\":\"BreadcrumbList\",\"@id\":\"http:\/\/www.osservatoriodiscriminazioni.org\/index.php\/2020\/03\/06\/discriminazione-genere-tribunale-pesaro-decreto-del-07-01-2020\/#breadcrumb\",\"itemListElement\":[{\"@type\":\"ListItem\",\"position\":1,\"item\":{\"@type\":\"WebPage\",\"@id\":\"http:\/\/www.osservatoriodiscriminazioni.org\/\",\"url\":\"http:\/\/www.osservatoriodiscriminazioni.org\/\",\"name\":\"Home\"}},{\"@type\":\"ListItem\",\"position\":2,\"item\":{\"@type\":\"WebPage\",\"@id\":\"http:\/\/www.osservatoriodiscriminazioni.org\/index.php\/2020\/03\/06\/discriminazione-genere-tribunale-pesaro-decreto-del-07-01-2020\/\",\"url\":\"http:\/\/www.osservatoriodiscriminazioni.org\/index.php\/2020\/03\/06\/discriminazione-genere-tribunale-pesaro-decreto-del-07-01-2020\/\",\"name\":\"imposizione turno pomeridiano ad una lavoratrice al rientro maternit\\u00e0, discriminazione di genere, Tribunale di Pesaro, decreto del 07.01.2020\"}}]},{\"@type\":\"Person\",\"@id\":\"http:\/\/www.osservatoriodiscriminazioni.org\/#\/schema\/person\/6ab94f9e22fe6d45aa358019825cfff0\",\"name\":\"Jennifer Michelotti\",\"image\":{\"@type\":\"ImageObject\",\"@id\":\"http:\/\/www.osservatoriodiscriminazioni.org\/#personlogo\",\"inLanguage\":\"it-IT\",\"url\":\"http:\/\/0.gravatar.com\/avatar\/c6485836d0e47edbb733e5a03fce9730?s=96&d=mm&r=g\",\"contentUrl\":\"http:\/\/0.gravatar.com\/avatar\/c6485836d0e47edbb733e5a03fce9730?s=96&d=mm&r=g\",\"caption\":\"Jennifer Michelotti\"}}]}<\/script>\n<!-- \/ Yoast SEO plugin. -->","_links":{"self":[{"href":"http:\/\/www.osservatoriodiscriminazioni.org\/index.php\/wp-json\/wp\/v2\/posts\/1203"}],"collection":[{"href":"http:\/\/www.osservatoriodiscriminazioni.org\/index.php\/wp-json\/wp\/v2\/posts"}],"about":[{"href":"http:\/\/www.osservatoriodiscriminazioni.org\/index.php\/wp-json\/wp\/v2\/types\/post"}],"author":[{"embeddable":true,"href":"http:\/\/www.osservatoriodiscriminazioni.org\/index.php\/wp-json\/wp\/v2\/users\/3"}],"replies":[{"embeddable":true,"href":"http:\/\/www.osservatoriodiscriminazioni.org\/index.php\/wp-json\/wp\/v2\/comments?post=1203"}],"version-history":[{"count":1,"href":"http:\/\/www.osservatoriodiscriminazioni.org\/index.php\/wp-json\/wp\/v2\/posts\/1203\/revisions"}],"predecessor-version":[{"id":1204,"href":"http:\/\/www.osservatoriodiscriminazioni.org\/index.php\/wp-json\/wp\/v2\/posts\/1203\/revisions\/1204"}],"wp:featuredmedia":[{"embeddable":true,"href":"http:\/\/www.osservatoriodiscriminazioni.org\/index.php\/wp-json\/wp\/v2\/media\/1205"}],"wp:attachment":[{"href":"http:\/\/www.osservatoriodiscriminazioni.org\/index.php\/wp-json\/wp\/v2\/media?parent=1203"}],"wp:term":[{"taxonomy":"category","embeddable":true,"href":"http:\/\/www.osservatoriodiscriminazioni.org\/index.php\/wp-json\/wp\/v2\/categories?post=1203"},{"taxonomy":"post_tag","embeddable":true,"href":"http:\/\/www.osservatoriodiscriminazioni.org\/index.php\/wp-json\/wp\/v2\/tags?post=1203"}],"curies":[{"name":"wp","href":"https:\/\/api.w.org\/{rel}","templated":true}]}}