{"id":1276,"date":"2020-05-13T10:44:17","date_gmt":"2020-05-13T08:44:17","guid":{"rendered":"http:\/\/www.osservatoriodiscriminazioni.org\/?p=1276"},"modified":"2020-05-13T10:48:56","modified_gmt":"2020-05-13T08:48:56","slug":"1276","status":"publish","type":"post","link":"http:\/\/www.osservatoriodiscriminazioni.org\/index.php\/2020\/05\/13\/1276\/","title":{"rendered":"Condizioni di accesso all&#8217;occupazione e al lavoro &#8211; Discriminazione sulla base dell\u2019orientamento sessuale, Corte di giustizia dell&#8217;Unione Europea Grande Sezione Sentenza 23 aprile 2020"},"content":{"rendered":"<p style=\"text-align: center;\"><strong>Corte di giustizia dell&#8217;Unione Europea<br \/>\nGrande Sezione<br \/>\nSentenza 23 aprile 2020<\/strong><\/p>\n<p>\u00abRinvio pregiudiziale &#8211; Parit\u00e0 di trattamento in materia di occupazione e di condizioni di lavoro &#8211; Direttiva 2000\/78\/CE &#8211; Articolo 3, paragrafo 1, lettera a), articolo 8, paragrafo 1, e articolo 9, paragrafo 2 &#8211; Divieto di discriminazioni fondate sull&#8217;orientamento sessuale &#8211; Condizioni di accesso all&#8217;occupazione e al lavoro &#8211; Nozione &#8211; Dichiarazioni pubbliche che escludono l&#8217;assunzione di persone omosessuali &#8211; Articolo 11, paragrafo 1, articolo 15, paragrafo 1, e articolo 21, paragrafo 1, della Carta dei diritti fondamentali dell&#8217;Unione europea &#8211; Difesa dei diritti &#8211; Sanzioni &#8211; Persona giuridica rappresentativa di un interesse collettivo &#8211; Legittimazione ad agire in giudizio, senza agire in nome di una determinata persona lesa oppure in assenza di una persona lesa &#8211; Diritto ad ottenere il risarcimento del danno\u00bb.<\/p>\n<p>Nella causa C-507\/18, avente ad oggetto la domanda di pronuncia pregiudiziale proposta alla Corte, ai sensi dell&#8217;articolo 267 TFUE, dalla Corte suprema di cassazione (Italia), con decisione del 30 maggio 2018, pervenuta in cancelleria il 2 agosto 2018, nel procedimento NH contro Associazione Avvocatura per i diritti LGBTI &#8211; Rete Lenford.<\/p>\n<p>[&#8230;]<\/p>\n<ol>\n<li>La domanda di pronuncia pregiudiziale verte sull&#8217;interpretazione degli articoli 2, 3 e 9 della direttiva 2000\/78\/CE del Consiglio, del 27 novembre 2000, che stabilisce un quadro generale per la parit\u00e0 di trattamento in materia di occupazione e di condizioni di lavoro (GU 2000, L 303, pag. 16).<\/li>\n<li>Tale domanda \u00e8 stata presentata nell&#8217;ambito di una controversia che oppone NH all&#8217;Associazione Avvocatura per i diritti LGBTI &#8211; Rete Lenford (in prosieguo: l&#8217;\u00abAssociazione\u00bb) in merito alle dichiarazioni rese da NH, nel corso di una trasmissione radiofonica, secondo le quali egli non intenderebbe avvalersi, nel suo studio di avvocati, della collaborazione di persone omosessuali.<\/li>\n<\/ol>\n<p>Contesto normativo<\/p>\n<p>Diritto dell&#8217;Unione<\/p>\n<p>Carta dei diritti fondamentali<\/p>\n<ol start=\"3\">\n<li>Sotto il titolo \u00abLibert\u00e0 di espressione e d&#8217;informazione\u00bb, <u>l&#8217;articolo 11 della Carta dei diritti fondamentali dell&#8217;Unione europea <\/u>(in prosieguo: la \u00abCarta\u00bb) dispone, al paragrafo 1, quanto segue:<\/li>\n<\/ol>\n<p>\u00ab<u>Ogni persona ha diritto alla libert\u00e0 di espressione<\/u>. Tale diritto include la libert\u00e0 di opinione e la libert\u00e0 di ricevere o di comunicare informazioni o idee senza che vi possa essere ingerenza da parte delle autorit\u00e0 pubbliche e senza limiti di frontiera\u00bb.<\/p>\n<ol start=\"4\">\n<li><u>L&#8217;articolo 15 della Carta<\/u>, intitolato \u00abLibert\u00e0 professionale e diritto di lavorare\u00bb, prevede, al paragrafo 1, quanto segue:<\/li>\n<\/ol>\n<p><u>\u00abOgni persona ha il diritto di lavorare e di esercitare una professione liberamente scelta o accettata\u00bb.<\/u><\/p>\n<ol start=\"5\">\n<li><u>L&#8217;articolo 21 della Carta<\/u>, in materia di non discriminazione, dispone, al paragrafo 1, quanto segue:<\/li>\n<\/ol>\n<p>\u00ab<u>\u00c8 vietata qualsiasi forma di discriminazione fondata, in particolare, sul sesso, la razza, il colore della pelle o l&#8217;origine etnica o sociale, le caratteristiche genetiche, la lingua, la religione o le convinzioni personali, le opinioni politiche o di qualsiasi altra natura, l&#8217;appartenenza ad una minoranza nazionale, il patrimonio, la nascita, la disabilit\u00e0, l&#8217;et\u00e0 o l&#8217;orientamento sessuale<\/u>\u00bb.<\/p>\n<p>Direttiva 2000\/78<\/p>\n<ol start=\"6\">\n<li>I considerando 9, 11, 12 e 28 della direttiva 2000\/78 recitano:<\/li>\n<\/ol>\n<p>\u00ab(9) L&#8217;occupazione e le condizioni di lavoro sono elementi chiave per garantire pari opportunit\u00e0 a tutti i cittadini e contribuiscono notevolmente alla piena partecipazione degli stessi alla vita economica, culturale e sociale e alla realizzazione personale.<\/p>\n<p>(&#8230;)<\/p>\n<p>(11) La discriminazione basata [sulle] (&#8230;) tendenze sessuali pu\u00f2 pregiudicare il conseguimento degli obiettivi del trattato [FUE], in particolare il raggiungimento di un elevato livello di occupazione e di protezione sociale, il miglioramento del tenore e della qualit\u00e0 della vita, la coesione economica e sociale, la solidariet\u00e0 e la libera circolazione delle persone.<\/p>\n<p>(12) Qualsiasi discriminazione diretta o indiretta basata [sulle] (&#8230;) tendenze sessuali nei settori di cui alla presente direttiva dovrebbe essere pertanto proibita in tutta [l&#8217;Unione]. (&#8230;)<\/p>\n<p>(&#8230;)<\/p>\n<p>(28) La presente direttiva fissa requisiti minimi, lasciando liberi gli Stati membri di introdurre o mantenere disposizioni pi\u00f9 favorevoli. (&#8230;)\u00bb.<\/p>\n<ol start=\"7\">\n<li>L&#8217;articolo 1 di detta direttiva cos\u00ec dispone:<\/li>\n<\/ol>\n<p>\u00abLa presente direttiva mira a stabilire un quadro generale per la lotta alle discriminazioni fondate sulla religione o le convinzioni personali, gli handicap, l&#8217;et\u00e0 o le tendenze sessuali, per quanto concerne l&#8217;occupazione e le condizioni di lavoro al fine di rendere effettivo negli Stati membri il principio della parit\u00e0 di trattamento\u00bb.<\/p>\n<ol start=\"8\">\n<li>L&#8217;articolo 2 della citata direttiva, dal titolo \u00abNozione di discriminazione\u00bb, cos\u00ec dispone:<\/li>\n<\/ol>\n<p>\u00ab1. Ai fini della presente direttiva, per &#8220;principio della parit\u00e0 di trattamento&#8221; si intende l&#8217;assenza di qualsiasi discriminazione diretta o indiretta basata su uno dei motivi di cui all&#8217;articolo 1.<\/p>\n<ol start=\"2\">\n<li>Ai fini del paragrafo 1:<\/li>\n<li>a) sussiste discriminazione diretta quando, sulla base di uno qualsiasi dei motivi di cui all&#8217;articolo 1, una persona \u00e8 trattata meno favorevolmente di quanto sia, sia stata o sarebbe trattata un&#8217;altra in una situazione analoga;<\/li>\n<li>b) sussiste discriminazione indiretta quando una disposizione, un criterio o una prassi apparentemente neutri possono mettere in una posizione di particolare svantaggio le persone che professano una determinata religione o ideologia di altra natura, le persone portatrici di un particolare handicap, le persone di una particolare et\u00e0 o di una particolare tendenza sessuale, rispetto ad altre persone, a meno che:<\/li>\n<li>i) tale disposizione, tale criterio o tale prassi siano oggettivamente giustificati da una finalit\u00e0 legittima e i mezzi impiegati per il suo conseguimento siano appropriati e necessari (&#8230;).<\/li>\n<\/ol>\n<p>(&#8230;)\u00bb.<\/p>\n<ol start=\"9\">\n<li>L&#8217;articolo 3 della medesima direttiva definisce l&#8217;ambito di applicazione di quest&#8217;ultima. Ai sensi del paragrafo 1, lettera a), di tale articolo:<\/li>\n<\/ol>\n<p>\u00abNei limiti dei poteri conferiti all[&#8216;Unione], la presente direttiva si applica a tutte le persone, sia del settore pubblico che del settore privato, compresi gli organismi di diritto pubblico, per quanto attiene:<\/p>\n<ol>\n<li>a) alle condizioni di accesso all&#8217;occupazione e al lavoro, sia dipendente che autonomo, compresi i criteri di selezione e le condizioni di assunzione indipendentemente dal ramo di attivit\u00e0 e a tutti i livelli della gerarchia professionale, nonch\u00e9 alla promozione\u00bb.<\/li>\n<li>L&#8217;articolo 8 della direttiva 2000\/78, intitolato \u00abRequisiti minimi\u00bb, dispone, al paragrafo 1, quanto segue:<\/li>\n<\/ol>\n<p>\u00abGli Stati membri possono introdurre o mantenere, per quanto riguarda il principio della parit\u00e0 di trattamento, disposizioni pi\u00f9 favorevoli di quelle previste nella presente direttiva\u00bb.<\/p>\n<ol start=\"11\">\n<li>L&#8217;articolo 9 della citata direttiva \u00e8 compreso nel capo II di quest&#8217;ultima, relativo ai mezzi di ricorso e all&#8217;attuazione delle norme. Intitolato \u00abDifesa dei diritti\u00bb, tale articolo prevede, al paragrafo 2, quanto segue:<\/li>\n<\/ol>\n<p>\u00abGli Stati membri riconoscono alle associazioni, organizzazioni e altre persone giuridiche che, conformemente ai criteri stabiliti dalle rispettive legislazioni nazionali, abbiano un interesse legittimo a garantire che le disposizioni della presente direttiva siano rispettate, il diritto di avviare, in via giurisdizionale o amministrativa, per conto o a sostegno della persona che si ritiene lesa e con il suo consenso, una procedura finalizzata all&#8217;esecuzione degli obblighi derivanti dalla presente direttiva\u00bb.<\/p>\n<ol start=\"12\">\n<li>L&#8217;articolo 17 di detta direttiva, dal titolo \u00abSanzioni\u00bb, recita:<\/li>\n<\/ol>\n<p>\u00abGli Stati membri determinano le sanzioni da irrogare in caso di violazione delle norme nazionali di attuazione della presente direttiva e prendono tutti i provvedimenti necessari per la loro applicazione. Le sanzioni, che possono prevedere un risarcimento dei danni [a favore delle vittime], devono essere effettive, proporzionate e dissuasive. (&#8230;)\u00bb.<\/p>\n<p>Diritto italiano<\/p>\n<ol start=\"13\">\n<li><u>Il decreto legislativo del 9 luglio 2003, n. 216 &#8211; Attuazione della direttiva 2000\/78<\/u> per la parit\u00e0 di trattamento in materia di occupazione e di condizioni di lavoro (GURI n. 187, del 13 agosto 2003, pag. 4), nella versione applicabile al procedimento principale (in prosieguo: il \u00abdecreto legislativo n. 216\u00bb), dispone, all&#8217;articolo 2, paragrafo 1, lettera a), quanto segue:<\/li>\n<\/ol>\n<p>\u00abAi fini del presente decreto (&#8230;), per <u>principio di parit\u00e0 di trattamento si intende l&#8217;assenza di qualsiasi discriminazione diretta o indiretta a causa della religione, delle convinzioni personali, degli handicap, dell&#8217;et\u00e0 o dell&#8217;orientamento sessuale<\/u>. Tale principio comporta che non sia praticata alcuna discriminazione diretta o indiretta, cos\u00ec come di seguito definite:<\/p>\n<p>a) discriminazione diretta quando, per religione, per convinzioni personali, per handicap, per et\u00e0 o per orientamento sessuale, una persona \u00e8 trattata meno favorevolmente di quanto sia, sia stata o sarebbe trattata un&#8217;altra in una situazione analoga\u00bb.<\/p>\n<p>14 L&#8217;articolo 3, paragrafo 1, lettera a), di detto decreto legislativo \u00e8 cos\u00ec formulato:<\/p>\n<p>\u00abIl principio di parit\u00e0 di trattamento senza distinzione di religione, di convinzioni personali, di handicap, di et\u00e0 e di orientamento sessuale si applica a tutte le persone sia nel settore pubblico che privato ed \u00e8 suscettibile di tutela giurisdizionale secondo le forme previste dall&#8217;articolo 4, con specifico riferimento alle seguenti aree:<\/p>\n<ol>\n<li>a) accesso all&#8217;occupazione e al lavoro, sia autonomo che dipendente, compresi i criteri di selezione e le condizioni di assunzione\u00bb<\/li>\n<\/ol>\n<p>15 L&#8217;articolo 5 del medesimo decreto legislativo ha il seguente tenore:<\/p>\n<p>\u00ab1. Le organizzazioni sindacali, le associazioni e le organizzazioni rappresentative del diritto o dell&#8217;interesse leso, in forza di delega, rilasciata per atto pubblico o scrittura privata autenticata, a pena di nullit\u00e0, sono legittimate ad agire ai sensi dell&#8217;articolo 4, in nome e per conto o a sostegno del soggetto passivo della discriminazione, contro la persona fisica o giuridica cui \u00e8 riferibile il comportamento o l&#8217;atto discriminatorio.<\/p>\n<ol start=\"2\">\n<li>I soggetti di cui al comma 1 sono altres\u00ec legittimati ad agire nei casi di discriminazione collettiva qualora non siano individuabili in modo diretto e immediato le persone lese dalla discriminazione\u00bb<\/li>\n<\/ol>\n<p>Procedimento principale e questioni pregiudiziali<\/p>\n<ol start=\"16\">\n<li>Risulta dal fascicolo sottoposto alla Corte che NH \u00e8 un avvocato e che l&#8217;Associazione \u00e8 un&#8217;associazione di avvocati che difende in giudizio i diritti delle persone lesbiche, gay, bisessuali, transgender o intersessuate (LGBTI).<\/li>\n<li>Ritenendo che NH avesse pronunciato delle frasi costituenti un comportamento discriminatorio fondato sull&#8217;orientamento sessuale dei lavoratori, in violazione dell&#8217;articolo 2, paragrafo 1, lettera a), del decreto legislativo n. 216, l&#8217;Associazione ha convenuto NH in giudizio, dinanzi al Tribunale di Bergamo (Italia).<\/li>\n<li>Con ordinanza del 6 agosto 2014, tale giudice, in veste di giudice del lavoro, ha dichiarato illecito, in quanto direttamente discriminatorio, il comportamento di NH, il quale aveva dichiarato, nel corso di un&#8217;intervista radiofonica, di non voler assumere e di non volersi avvalere della collaborazione, nel proprio studio legale, di persone omosessuali. Su tale base, il Tribunale di Bergamo ha condannato NH a versare all&#8217;Associazione EUR 10 000 a titolo di risarcimento del danno e ha ordinato la pubblicazione di tale ordinanza per estratto su un quotidiano nazionale.<\/li>\n<li>Con sentenza del 23 gennaio 2015, la Corte d&#8217;appello di Brescia (Italia) ha respinto il ricorso che era stato presentato da NH contro la suddetta ordinanza.<\/li>\n<li>Avverso tale sentenza NH ha proposto ricorso per cassazione dinanzi alla Corte suprema di cassazione (Italia), giudice del rinvio. A sostegno di tale impugnazione, NH fa valere, in particolare, un&#8217;erronea applicazione dell&#8217;articolo 5 del decreto legislativo n. 216, avendo il giudice d&#8217;appello riconosciuto la legittimazione ad agire dell&#8217;Associazione, nonch\u00e9 una violazione o un&#8217;erronea applicazione dell&#8217;articolo 2, paragrafo 1, lettera a), e dell&#8217;articolo 3 del citato decreto legislativo, determinata dal fatto che egli avrebbe espresso un&#8217;opinione concernente la professione di avvocato non presentandosi in veste di datore di lavoro, bens\u00ec come semplice cittadino, e che le dichiarazioni in questione erano avulse da qualsiasi ambito professionale effettivo.<\/li>\n<li>Il giudice del rinvio rileva che il giudice d&#8217;appello, nella sua sentenza, ha constatato, da un lato, che, \u00abin una conversazione tenuta nel corso di una trasmissione radiofonica, [NH] proffer\u00ec una serie di frasi, via via sollecitate dallo stesso interlocutore, al fine di sostenere il proprio astio generico per una data categoria di persone, tanto da non volerle intorno [a] s\u00e9 nel suo studio professionale, n\u00e9 in una fantomatica scelta dei collaboratori\u00bb, e, dall&#8217;altro lato, che non vi era nessuna selezione di lavoro aperta, e neppure programmata per il futuro.<\/li>\n<li>In tale contesto, il giudice del rinvio si chiede, in primo luogo, se un&#8217;associazione di avvocati, come l&#8217;Associazione, costituisca un ente esponenziale ai sensi dell&#8217;articolo 9, paragrafo 2, della direttiva 2000\/78. A questo proposito, detto giudice osserva, in particolare, che la raccomandazione 2013\/396\/UE della Commissione, dell&#8217;11 giugno 2013, relativa a principi comuni per i meccanismi di ricorso collettivo di natura inibitoria e risarcitoria negli Stati membri che riguardano violazioni di diritti conferiti dalle norme dell&#8217;Unione (GU 2013, L 201, pag. 60), e la comunicazione della Commissione al Parlamento europeo, al Consiglio, al Comitato economico sociale europeo e al Comitato delle regioni, intitolata \u00abVerso un quadro orizzontale europeo per i ricorsi collettivi\u00bb [COM(2013) 401 final], elencano, tra i criteri pertinenti per determinare la legittimazione di un&#8217;entit\u00e0 ad agire in rappresentanza, non soltanto il collegamento tra l&#8217;obiettivo sancito dallo statuto dell&#8217;entit\u00e0 in questione e i diritti di cui si asserisce la violazione, ma anche l&#8217;assenza di scopo di lucro di tale entit\u00e0.<\/li>\n<li>Nel caso di specie, il giudice d&#8217;appello ha riconosciuto la legittimazione ad agire dell&#8217;Associazione in considerazione dello statuto di quest&#8217;ultima, secondo il quale tale associazione ha \u00ablo scopo di contribuire a sviluppare e diffondere la cultura e il rispetto dei diritti delle persone\u00bb LGBTI, \u00absollecitando l&#8217;attenzione del mondo giudiziario\u00bb, e \u00abgestisce la formazione di una rete di avvocati (&#8230;) [e] favorisce e promuove la tutela giudiziaria, nonch\u00e9 l&#8217;utilizzazione degli strumenti di tutela collettiva, presso le Corti nazionali e internazionali\u00bb.<\/li>\n<li>Il giudice del rinvio precisa che, nell&#8217;ordinamento italiano, qualora la discriminazione in materia di occupazione venga esercitata non contro una vittima identificata, bens\u00ec contro una categoria di persone, l&#8217;articolo 5, paragrafo 2, del decreto legislativo n. 216 riconosce senz&#8217;altro la legittimazione ad agire alle entit\u00e0 contemplate da tale disposizione, le quali sono considerate come enti esponenziali degli interessi della collettivit\u00e0 delle persone lese. Nondimeno, il giudice del rinvio dubita del fatto che un&#8217;associazione di avvocati avente come scopo principale di offrire assistenza giuridica a persone LGBTI possa, per il semplice fatto che il suo statuto prevede che essa abbia altres\u00ec l&#8217;obiettivo di promuovere il rispetto dei diritti di tali persone, vedersi riconoscere la legittimazione ad agire, anche ai fini del risarcimento, contro le discriminazioni connesse all&#8217;occupazione, sulla base di un proprio diretto interesse.<\/li>\n<li>In secondo luogo, il giudice del rinvio si interroga sui limiti che la normativa per la lotta contro la discriminazione in materia di occupazione e di lavoro appone all&#8217;esercizio della libert\u00e0 di espressione. Esso osserva che la tutela contro le discriminazioni offerta dalla direttiva 2000\/78 e dal decreto legislativo n. 216 ha come ambito di applicazione le situazioni concernenti l&#8217;instaurazione, l&#8217;esecuzione o la conclusione di un rapporto di lavoro e incide dunque sull&#8217;iniziativa economica. Gli atti summenzionati sembrano per\u00f2 a detto giudice estranei alla libert\u00e0 di espressione e non gli appaiono intesi a limitare quest&#8217;ultima. Oltre a ci\u00f2, l&#8217;applicazione degli atti suddetti sarebbe subordinata all&#8217;esistenza di un effettivo pericolo di discriminazione.<\/li>\n<li>Di conseguenza, il giudice nazionale si chiede se, per potersi constatare una situazione di accesso all&#8217;occupazione rientrante nell&#8217;ambito di applicazione della direttiva 2000\/78 e della normativa nazionale di trasposizione di quest&#8217;ultima, debba almeno essere in corso una trattativa individuale di lavoro o un&#8217;offerta al pubblico di lavoro e se, qualora non ricorra una tale ipotesi, delle semplici dichiarazioni non presentanti quantomeno le caratteristiche di un&#8217;offerta di lavoro al pubblico siano tutelate dalla libert\u00e0 di espressione.\n<ol start=\"27\">\n<li>Alla luce di tali circostanze, la Corte suprema di cassazione ha deciso di sospendere il procedimento e di sottoporre alla Corte le seguenti questioni pregiudiziali:<\/li>\n<\/ol>\n<\/li>\n<li>\u00ab1) Se l&#8217;interpretazione dell&#8217;articolo 9 della direttiva [2000\/78] sia nel senso che un&#8217;associazione, composta da avvocati specializzati nella tutela giudiziale di una categoria di soggetti a differente orientamento sessuale, la quale nello statuto dichiari il fine di promuovere la cultura e il rispetto dei diritti della categoria, si ponga automaticamente come portatrice di un interesse collettivo e associazione di tendenza non profit, legittimata ad agire in giudizio, anche con una domanda risarcitoria, in presenza di fatti ritenuti discriminatori per detta categoria.2) Se rientri nell&#8217;ambito di applicazione della tutela antidiscriminatoria predisposta dalla direttiva [2000\/78], secondo l&#8217;esatta interpretazione dei suoi articoli 2 e 3, una dichiarazione di manifestazione del pensiero contraria alla categoria delle persone omosessuali, con la quale, in un&#8217;intervista rilasciata nel corso di una trasmissione radiofonica di intrattenimento, l&#8217;intervistato abbia dichiarato che mai assumerebbe o vorrebbe avvalersi della collaborazione di dette persone nel proprio studio professionale [di avvocati], sebbene non fosse affatto attuale n\u00e9 programmata dal medesimo una selezione di lavoro\u00bb.\n<p>Sulle questioni pregiudiziali<\/p>\n<p>Sulla seconda questione<\/p>\n<ol start=\"28\">\n<li>In via preliminare, occorre rilevare che, con la sua seconda questione, da esaminarsi in primo luogo, il giudice del rinvio fa riferimento tanto all&#8217;articolo 2 della direttiva 2000\/78, relativo al concetto di discriminazione, quanto all&#8217;articolo 3 della medesima direttiva, riguardante l&#8217;ambito di applicazione di quest&#8217;ultima. Tuttavia, risulta dalla domanda di pronuncia pregiudiziale che nel procedimento principale viene in discussione non gi\u00e0 il punto se le dichiarazioni rese da NH rientrino nella nozione di \u00abdiscriminazione\u00bb, cos\u00ec come definita dalla prima delle disposizioni sopra citate, bens\u00ec la questione se, tenuto conto delle circostanze nelle quali tali dichiarazioni sono state effettuate, esse rientrino nell&#8217;ambito di applicazione materiale di detta direttiva l\u00e0 dove questa contempla, all&#8217;articolo 3, paragrafo 1, lettera a), le \u00abcondizioni di accesso all&#8217;occupazione e al lavoro (&#8230;), compresi i criteri di selezione e le condizioni di assunzione\u00bb.<\/li>\n<li>Di conseguenza, occorre considerare che, con la sua seconda questione, il giudice del rinvio chiede, in sostanza, se la nozione di \u00abcondizioni di accesso all&#8217;occupazione e al lavoro\u00bb contenuta nell&#8217;articolo 3, paragrafo 1, lettera a), della direttiva 2000\/78 debba essere interpretata nel senso che in essa rientrano le dichiarazioni rese da una persona nel corso di una trasmissione audiovisiva secondo le quali tale persona mai assumerebbe o vorrebbe avvalersi, nella propria impresa, della collaborazione di persone di un determinato orientamento sessuale, e ci\u00f2 sebbene non fosse in corso o programmata una procedura di selezione di personale.<\/li>\n<li>L&#8217;articolo 3, paragrafo 1, lettera a), della direttiva 2000\/78 stabilisce che quest&#8217;ultima si applica, nei limiti dei poteri conferiti all&#8217;Unione, a tutte le persone, sia nel settore pubblico che nel settore privato, ivi compresi gli organismi pubblici, per quanto attiene alle condizioni di accesso all&#8217;occupazione e al lavoro, sia dipendente che autonomo, compresi i criteri di selezione e le condizioni di assunzione indipendentemente dal ramo di attivit\u00e0 e a tutti i livelli della gerarchia professionale, nonch\u00e9 alla promozione.<\/li>\n<li>Tale direttiva non rinvia al diritto degli Stati membri per definire la nozione di \u00abcondizioni di accesso all&#8217;occupazione e al lavoro\u00bb. Orbene, dalle esigenze inerenti sia all&#8217;applicazione uniforme del diritto dell&#8217;Unione sia al principio di parit\u00e0 discende che i termini di una disposizione del diritto dell&#8217;Unione non contenente alcun rinvio espresso al diritto degli Stati membri al fine di determinare il senso e la portata della disposizione stessa devono di norma ricevere, in tutta l&#8217;Unione, un&#8217;interpretazione autonoma e uniforme [v., in tal senso, sentenze del 18 ottobre 2016, Nikiforidis, C-135\/15, EU:C:2016:774, punto 28, e del 26 marzo 2019, SM (Minore affidato in base al regime della kafala algerina), C-129\/18, EU:C:2019:248, punto 50].<\/li>\n<li>Inoltre, poich\u00e9 la direttiva di cui sopra non definisce i termini \u00abcondizioni di accesso all&#8217;occupazione e al lavoro\u00bb, questi devono essere interpretati conformemente al loro senso abituale nel linguaggio corrente, tenendo conto del contesto nel quale vengono utilizzati e degli obiettivi perseguiti dalla normativa di cui essi fanno parte (v., in tal senso, sentenze del 3 settembre 2014, Deckmyn e Vrijheidsfonds, C-201\/13, EU:C:2014:2132, punto 19, nonch\u00e9 del 29 luglio 2019, Spiegel Online, C-516\/17, EU:C:2019:625, punto 65).<\/li>\n<li>Per quanto riguarda i termini impiegati all&#8217;articolo 3, paragrafo 1, lettera a), della direttiva 2000\/78, occorre rilevare che la locuzione \u00abcondizioni di accesso all&#8217;occupazione e al lavoro\u00bb si riferisce, nel linguaggio corrente, a circostanze o a fatti la cui esistenza deve imperativamente essere dimostrata affinch\u00e9 una persona possa ottenere un&#8217;occupazione o un lavoro determinato.<\/li>\n<li>Tuttavia, i termini di detta disposizione non permettono di per s\u00e9 soli di stabilire se delle dichiarazioni rese al di fuori di qualsiasi procedura di selezione di una persona per una determinata occupazione o un determinato lavoro, in corso o programmata, rientrino nell&#8217;ambito di applicazione materiale di detta direttiva. Occorre pertanto considerare il contesto nel quale tale articolo 3, paragrafo 1, lettera a), si inscrive, nonch\u00e9 gli obiettivi della direttiva in parola.<\/li>\n<li>A questo proposito, occorre ricordare che la direttiva 2000\/78 \u00e8 stata adottata sul fondamento dell&#8217;articolo 13 CE, divenuto, in seguito a modifica, l&#8217;articolo 19, paragrafo 1, TFUE, il quale conferisce all&#8217;Unione una competenza ad adottare le misure necessarie per combattere qualsiasi discriminazione fondata, segnatamente, sull&#8217;orientamento sessuale.<\/li>\n<li>In conformit\u00e0 dell&#8217;articolo 1 della direttiva 2000\/78, e come risulta sia dal titolo e dal preambolo sia dal contenuto e dalla finalit\u00e0 della direttiva stessa, quest&#8217;ultima mira a stabilire un quadro generale per la lotta contro le discriminazioni fondate, segnatamente, sull&#8217;orientamento sessuale per quanto concerne \u00abl&#8217;occupazione e le condizioni di lavoro\u00bb, al fine di attuare, negli Stati membri, il principio della parit\u00e0 di trattamento, offrendo ad ogni persona una tutela efficace contro le discriminazioni fondate, segnatamente, sul motivo di discriminazione suddetto (v., in tal senso, sentenza del 15 gennaio 2019, E.B., C-258\/17, EU:C:2019:17, punto 40 e la giurisprudenza ivi citata).<\/li>\n<li>In particolare, il considerando 9 di detta direttiva sottolinea che l&#8217;occupazione e il lavoro costituiscono elementi chiave per garantire a tutti pari opportunit\u00e0 e contribuiscono notevolmente alla piena partecipazione dei cittadini alla vita economica, culturale e sociale e alla realizzazione personale. Parimenti in tal senso, il considerando 11 della citata direttiva enuncia che la discriminazione basata, segnatamente, sull&#8217;orientamento sessuale pu\u00f2 pregiudicare il conseguimento degli obiettivi del Trattato FUE, e in particolare il raggiungimento di un elevato livello di occupazione e di protezione sociale, il miglioramento del tenore e della qualit\u00e0 della vita, la coesione economica e sociale, la solidariet\u00e0 e la libera circolazione delle persone.<\/li>\n<li>La direttiva 2000\/78 concretizza dunque, nel settore da essa disciplinato, il principio generale di non discriminazione ormai sancito dall&#8217;articolo 21 della Carta (v., in tal senso, sentenza del 17 aprile 2018, Egenberger, C-414\/16, EU:C:2018:257, punto 47).<\/li>\n<li>Alla luce di tale obiettivo, e tenuto conto della natura dei diritti che la direttiva 2000\/78 intende tutelare nonch\u00e9 dei valori fondamentali a questa sottesi, la nozione di \u00abcondizioni di accesso all&#8217;occupazione e al lavoro\u00bb, ai sensi dell&#8217;articolo 3, paragrafo 1, lettera a), di detta direttiva, che definisce l&#8217;ambito di applicazione di quest&#8217;ultima, non pu\u00f2 essere oggetto di un&#8217;interpretazione restrittiva (v., per analogia, sentenze del 12 maggio 2011, Runevi\u010d-Vardyn e Wardyn, C-391\/09, EU:C:2011:291, punto 43, nonch\u00e9 del 16 luglio 2015, CHEZ Razpredelenie Bulgaria, C-83\/14, EU:C:2015:480, punto 42).<\/li>\n<li>La Corte ha dunque gi\u00e0 statuito che la direttiva 2000\/78 \u00e8 idonea ad applicarsi in situazioni che concernono, in materia di occupazione e di lavoro, delle dichiarazioni relative alle \u00abcondizioni di accesso all&#8217;occupazione e al lavoro (&#8230;), compres[e] (&#8230;) le condizioni di assunzione\u00bb, ai sensi dell&#8217;articolo 3, paragrafo 1, lettera a), della citata direttiva. In particolare, la Corte ha dichiarato che sono idonee a rientrare in tale nozione delle dichiarazioni pubbliche relative ad una determinata politica di assunzioni, effettuate malgrado che il sistema di assunzioni in questione non si fondi su un&#8217;offerta pubblica o su una trattativa diretta a seguito di una procedura di selezione che presupponga la presentazione di candidature nonch\u00e9 una preselezione di queste ultime in funzione dell&#8217;interesse che esse presentano per il datore di lavoro (v., in tal senso, sentenza del 25 aprile 2013, Asocia\u021bia Accept, C-81\/12, EU:C:2013:275, punti 44 e 45).<\/li>\n<li>La Corte ha altres\u00ec statuito che il semplice fatto che delle dichiarazioni suggerenti l&#8217;esistenza di una politica di assunzioni omofoba non provengano da una persona avente la capacit\u00e0 giuridica di definire direttamente la politica delle assunzioni del datore di lavoro in questione od anche di vincolare o di rappresentare tale datore di lavoro in materia di assunzioni non osta necessariamente a che dichiarazioni siffatte possano ricadere tra le condizioni di accesso all&#8217;occupazione e al lavoro del datore di lavoro suddetto. A questo proposito, la Corte ha precisato che il fatto che il datore di lavoro non abbia chiaramente preso le distanze dalle dichiarazioni in questione, cos\u00ec come la percezione del pubblico o degli ambienti interessati, costituiscono elementi pertinenti di cui il giudice adito pu\u00f2 tener conto nell&#8217;ambito di una valutazione globale dei fatti (v., in tal senso, sentenza del 25 aprile 2013, Asocia\u021bia Accept, C-81\/12, EU:C:2013:275, punti da 47 a 51).<\/li>\n<li>Inoltre, neppure il fatto che nessuna trattativa ai fini di un&#8217;assunzione fosse in corso allorch\u00e9 le dichiarazioni in questione sono state rese esclude la possibilit\u00e0 che dichiarazioni del genere rientrino nell&#8217;ambito di applicazione materiale della direttiva 2000\/78.<\/li>\n<li>Discende dalle considerazioni sopra esposte che, se talune circostanze, come l&#8217;assenza di una procedura di selezione in corso o programmata, non sono decisive per stabilire se delle dichiarazioni siano relative ad una determinata politica di assunzioni e rientrino dunque nella nozione di \u00abcondizioni di accesso all&#8217;occupazione e al lavoro\u00bb, ai sensi dell&#8217;articolo 3, paragrafo 1, lettera a), della direttiva 2000\/78, \u00e8 per\u00f2 necessario, affinch\u00e9 dichiarazioni siffatte rientrino nell&#8217;ambito di applicazione materiale di quest&#8217;ultima, come definito dalla disposizione sopra citata, che esse possano essere effettivamente ricondotte alla politica di assunzioni di un determinato datore di lavoro, il che impone che il collegamento che esse presentano con le condizioni di accesso all&#8217;occupazione e al lavoro presso tale datore di lavoro non sia ipotetico. L&#8217;esistenza di tale collegamento deve essere valutata dal giudice nazionale adito nell&#8217;ambito di una valutazione globale delle circostanze caratterizzanti le dichiarazioni in questione.<\/li>\n<li>Per quanto riguarda i criteri da prendere in considerazione a tal fine, occorre precisare che, come osservato anche, in sostanza, dall&#8217;avvocato generale ai paragrafi da 53 a 56 delle sue conclusioni, assumono segnatamente rilievo, in primo luogo, lo status dell&#8217;autore delle dichiarazioni considerate e la veste nella quale egli si \u00e8 espresso, i quali devono dimostrare che tale autore \u00e8 egli stesso un potenziale datore di lavoro, oppure che egli \u00e8, di fatto o in diritto, capace di esercitare un&#8217;influenza determinante sulla politica di assunzioni, ovvero su una decisione di assunzione, di un potenziale datore di lavoro, oppure che egli \u00e8, quantomeno, suscettibile di essere percepito dal pubblico o dagli ambienti interessati come capace di esercitare un&#8217;influenza siffatta, e ci\u00f2 quand&#8217;anche detto autore delle dichiarazioni non disponga della capacit\u00e0 giuridica di definire la politica di assunzioni del datore di lavoro in questione od anche di vincolare o di rappresentare tale datore di lavoro in materia di assunzioni.<\/li>\n<li>Assumono rilievo, in secondo luogo, la natura e il contenuto delle dichiarazioni in questione. Queste ultime devono riferirsi alle condizioni di accesso all&#8217;occupazione e al lavoro presso il datore di lavoro di cui trattasi e dimostrare l&#8217;intenzione di tale datore di lavoro di discriminare sulla base di uno dei criteri previsti dalla direttiva 2000\/78.<\/li>\n<li>In terzo luogo, deve essere preso in considerazione il contesto nel quale le dichiarazioni in questione sono state effettuate, in particolare il loro carattere pubblico o privato, od anche il fatto che esse siano state oggetto di diffusione tra il pubblico, a prescindere che ci\u00f2 sia avvenuto attraverso i media tradizionali oppure tramite social network.<\/li>\n<li>Questa interpretazione della direttiva 2000\/78 non pu\u00f2 essere inficiata dall&#8217;eventuale limitazione all&#8217;esercizio della libert\u00e0 di espressione, prospettata dal giudice del rinvio, che potrebbe derivarne.<\/li>\n<li>Indubbiamente, la libert\u00e0 di espressione, in quanto fondamento essenziale di una societ\u00e0 democratica e pluralista rispecchiante i valori sui quali l&#8217;Unione si fonda, a norma dell&#8217;articolo 2 TUE, costituisce un diritto fondamentale garantito dall&#8217;articolo 11 della Carta (sentenza del 6 settembre 2011, Patriciello, C-163\/10, EU:C:2011:543, punto 31).<\/li>\n<li>Tuttavia, come risulta dall&#8217;articolo 52, paragrafo 1, della Carta, la libert\u00e0 di espressione non \u00e8 un diritto assoluto e il suo esercizio pu\u00f2 incontrare delle limitazioni, a condizione che queste siano previste dalla legge e rispettino il contenuto essenziale di tale diritto nonch\u00e9 il principio di proporzionalit\u00e0, vale a dire che esse siano necessarie e rispondano effettivamente ad obiettivi di interesse generale riconosciuti dall&#8217;Unione o all&#8217;esigenza di tutela dei diritti e delle libert\u00e0 altrui. Orbene, come rilevato dall&#8217;avvocato generale ai paragrafi da 65 a 69 delle sue conclusioni, tale situazione sussiste nel caso di specie.<\/li>\n<li>Infatti, le limitazioni all&#8217;esercizio della libert\u00e0 di espressione che possono derivare dalla direttiva 2000\/78 sono effettivamente previste dalla legge, in quanto esse scaturiscono direttamente da tale direttiva.<\/li>\n<li>Tali limitazioni rispettano inoltre il contenuto essenziale della libert\u00e0 di espressione, in quanto esse si applicano unicamente al fine di raggiungere gli obiettivi della direttiva 2000\/78, ossia garantire il principio della parit\u00e0 di trattamento in materia di occupazione e di lavoro e la realizzazione di un elevato livello di occupazione e di protezione sociale. Esse sono dunque giustificate da tali obiettivi.<\/li>\n<li>Limitazioni siffatte rispettano altres\u00ec il principio di proporzionalit\u00e0, nella misura in cui i motivi di discriminazione proibiti sono elencati all&#8217;articolo 1 della direttiva 2000\/78, l&#8217;ambito di applicazione materiale e personale della quale \u00e8 delimitato all&#8217;articolo 3 della direttiva stessa, e l&#8217;ingerenza nell&#8217;esercizio della libert\u00e0 di espressione non va oltre quanto \u00e8 necessario per realizzare gli obiettivi di tale direttiva, vietando unicamente le dichiarazioni che costituiscono una discriminazione in materia di occupazione e di lavoro.<\/li>\n<li>Inoltre, le limitazioni all&#8217;esercizio della libert\u00e0 di espressione risultanti dalla direttiva 2000\/78 sono necessarie per garantire i diritti in materia di occupazione e di lavoro di cui dispongono le persone appartenenti ai gruppi di persone caratterizzati da uno dei motivi elencati all&#8217;articolo 1 della medesima direttiva.<\/li>\n<li>In particolare, nel caso in cui, contrariamente all&#8217;interpretazione della nozione di \u00abcondizioni di accesso all&#8217;occupazione e al lavoro\u00bb, contenuta all&#8217;articolo 3, paragrafo 1, lettera a), della direttiva 2000\/78 ed illustrata al punto 43 della presente sentenza, determinate dichiarazioni fossero sottratte all&#8217;ambito di applicazione materiale di tale direttiva per il semplice fatto che esse sono state rese al di fuori di una procedura di selezione, segnatamente nell&#8217;ambito di una trasmissione audiovisiva di intrattenimento, o che esse costituiscano l&#8217;espressione di un&#8217;opinione personale del loro autore, l&#8217;essenza stessa della tutela concessa da detta direttiva in materia di occupazione e di lavoro potrebbe divenire illusoria.<\/li>\n<li>Infatti, come l&#8217;avvocato generale ha rilevato, in sostanza, ai paragrafi 44 e 57 delle sue conclusioni, in qualsiasi procedura di assunzione la selezione principale viene effettuata tra le persone che presentano la loro candidatura e quelle che non la presentano. Orbene, l&#8217;espressione di opinioni discriminatorie in materia di occupazione e di lavoro, da parte di un datore di lavoro o di una persona percepita come capace di esercitare un&#8217;influenza determinante sulla politica di assunzioni di un&#8217;impresa, \u00e8 idonea a dissuadere le persone in questione dal candidarsi ad un posto di lavoro.<\/li>\n<li>Di conseguenza, eventuali dichiarazioni rientranti nell&#8217;ambito di applicazione materiale della direttiva 2000\/78, quale definito all&#8217;articolo 3 di quest&#8217;ultima, non possono sfuggire al regime di contrasto alle discriminazioni in materia di occupazione e di lavoro istituito da tale direttiva per il fatto che esse siano state rese nel corso di una trasmissione audiovisiva di intrattenimento o che costituiscano anche l&#8217;espressione dell&#8217;opinione personale del loro autore in merito alla categoria delle persone oggetto delle dichiarazioni stesse.<\/li>\n<li>Nel caso di specie, spetta al giudice del rinvio valutare se le circostanze caratterizzanti le dichiarazioni in discussione nel procedimento principale dimostrino che il collegamento tra queste ultime e le condizioni di accesso all&#8217;occupazione e al lavoro nello studio di avvocati di cui trattasi non \u00e8 ipotetico &#8211; valutazione, questa, di natura fattuale &#8211; e applicare nell&#8217;ambito di tale valutazione i criteri identificati ai punti da 44 a 46 della presente sentenza.<\/li>\n<li>Alla luce dell&#8217;insieme delle considerazioni che precedono, occorre rispondere alla seconda questione dichiarando che la nozione di \u00abcondizioni di accesso all&#8217;occupazione e al lavoro\u00bb contenuta all&#8217;articolo 3, paragrafo 1, lettera a), della direttiva 2000\/78 deve essere interpretata nel senso che in essa rientrano delle dichiarazioni rese da una persona nel corso di una trasmissione audiovisiva secondo le quali tale persona mai assumerebbe o vorrebbe avvalersi, nella propria impresa, della collaborazione di persone di un determinato orientamento sessuale, e ci\u00f2 sebbene non fosse in corso o programmata una procedura di selezione di personale, purch\u00e9 il collegamento tra dette dichiarazioni e le condizioni di accesso all&#8217;occupazione e al lavoro in seno a tale impresa non sia ipotetico.Sulla prima questione\n<ol start=\"59\">\n<li>Con la sua prima questione, il giudice del rinvio chiede, in sostanza, se la direttiva 2000\/78 debba essere interpretata nel senso che essa osta ad una normativa nazionale in virt\u00f9 della quale un&#8217;associazione di avvocati, la cui finalit\u00e0 statutaria consista nel difendere in giudizio le persone aventi segnatamente un determinato orientamento sessuale e nel promuovere la cultura e il rispetto dei diritti di tale categoria di persone, sia, in ragione di tale finalit\u00e0 e indipendentemente dall&#8217;eventuale scopo di lucro dell&#8217;associazione stessa, automaticamente legittimata ad avviare un procedimento giurisdizionale inteso a far rispettare gli obblighi risultanti dalla direttiva summenzionata e, eventualmente, ad ottenere il risarcimento del danno, nel caso in cui si verifichino fatti idonei a costituire una discriminazione, ai sensi di detta direttiva, nei confronti della citata categoria di persone e non sia identificabile una persona lesa.<\/li>\n<li>Ai sensi dell&#8217;articolo 9, paragrafo 2, della direttiva 2000\/78, gli Stati membri riconoscono alle associazioni, organizzazioni e altre persone giuridiche che, conformemente ai criteri stabiliti dalle rispettive legislazioni nazionali, abbiano un legittimo interesse a garantire che le disposizioni di tale direttiva siano rispettate, il diritto di avviare, in via giurisdizionale o amministrativa, per conto o a sostegno di una persona che si ritenga lesa e con il suo consenso, una procedura finalizzata all&#8217;esecuzione degli obblighi derivanti dalla direttiva suddetta.<\/li>\n<li>Pertanto, risulta dalla formulazione stessa della disposizione di cui sopra che essa non esige che ad un&#8217;associazione come quella di cui al procedimento principale venga riconosciuta negli Stati membri la legittimazione ad avviare un procedimento giurisdizionale inteso a far rispettare gli obblighi scaturenti dalla direttiva 2000\/78, nel caso in cui non sia identificabile alcuna persona lesa.<\/li>\n<li>Nondimeno, l&#8217;articolo 8, paragrafo 1, della direttiva 2000\/78, letto alla luce del considerando 28 di quest&#8217;ultima, stabilisce che gli Stati membri possono introdurre o mantenere, per quanto riguarda il principio della parit\u00e0 di trattamento, disposizioni pi\u00f9 favorevoli di quelle previste nella direttiva stessa.<\/li>\n<li>Assumendo a fondamento tale disposizione, la Corte ha statuito che l&#8217;articolo 9, paragrafo 2, della direttiva 2000\/78 non osta in alcun modo a che uno Stato membro, nella propria normativa nazionale, riconosca alle associazioni aventi un legittimo interesse a far garantire il rispetto di tale direttiva il diritto di avviare procedure giurisdizionali o amministrative intese a far rispettare gli obblighi derivanti dalla direttiva stessa senza agire in nome di una determinata persona lesa ovvero in assenza di una persona lesa identificabile (sentenza del 25 aprile 2013, Asocia\u021bia Accept, C-81\/12, EU:C:2013:275, punto 37).<\/li>\n<li>Qualora uno Stato membro operi una scelta siffatta, spetta ad esso decidere a quali condizioni un&#8217;associazione come quella di cui trattasi nel procedimento principale pu\u00f2 avviare un procedimento giurisdizionale inteso a far constatare l&#8217;esistenza di una discriminazione vietata dalla direttiva 2000\/78 e a far sanzionare tale discriminazione. Detto Stato membro \u00e8 tenuto segnatamente a stabilire se lo scopo di lucro o meno dell&#8217;associazione debba avere un&#8217;influenza sulla valutazione della legittimazione dell&#8217;associazione stessa ad agire in tal senso, e a precisare la portata di tale azione, in particolare le sanzioni irrogabili all&#8217;esito di quest&#8217;ultima, tenendo presente che tali sanzioni devono, a norma dell&#8217;articolo 17 della direttiva 2000\/78, essere effettive, proporzionate e dissuasive anche quando non vi sia alcuna persona lesa identificabile (v., in tal senso, sentenza del 25 aprile 2013, Asocia\u021bia Accept, C-81\/12, EU:C:2013:275, punti 62 e 63).<\/li>\n<li>Alla luce delle considerazioni che precedono, occorre rispondere alla prima questione dichiarando che la direttiva 2000\/78 deve essere interpretata nel senso che essa non osta ad una normativa nazionale in virt\u00f9 della quale un&#8217;associazione di avvocati, la cui finalit\u00e0 statutaria consista nel difendere in giudizio le persone aventi segnatamente un determinato orientamento sessuale e nel promuovere la cultura e il rispetto dei diritti di tale categoria di persone, sia, in ragione di tale finalit\u00e0 e indipendentemente dall&#8217;eventuale scopo di lucro dell&#8217;associazione stessa, automaticamente legittimata ad avviare un procedimento giurisdizionale inteso a far rispettare gli obblighi risultanti dalla direttiva summenzionata e, eventualmente, ad ottenere il risarcimento del danno, nel caso in cui si verifichino fatti idonei a costituire una discriminazione, ai sensi di detta direttiva, nei confronti della citata categoria di persone e non sia identificabile una persona lesa. Sulle spese\n<ol start=\"66\">\n<li>Nei confronti delle parti nel procedimento principale la presente causa costituisce un incidente sollevato dinanzi al giudice nazionale, cui spetta quindi statuire sulle spese. Le spese sostenute da altri soggetti per presentare osservazioni alla Corte non possono dar luogo a rifusione.<\/li>\n<\/ol>\n<p style=\"text-align: center;\">P.Q.M.<\/p>\n<p>la Corte (Grande Sezione) dichiara:<\/p>\n<p>1) La nozione di \u00abcondizioni di accesso all&#8217;occupazione e al lavoro\u00bb contenuta all&#8217;articolo 3, paragrafo 1, lettera a), della direttiva 2000\/78\/CE del Consiglio, del 27 novembre 2000, che stabilisce un quadro generale per la parit\u00e0 di trattamento in materia di occupazione e di condizioni di lavoro, deve essere interpretata nel senso che in essa rientrano delle dichiarazioni rese da una persona nel corso di una trasmissione audiovisiva secondo le quali tale persona mai assumerebbe o vorrebbe avvalersi, nella propria impresa, della collaborazione di persone di un determinato orientamento sessuale, e ci\u00f2 sebbene non fosse in corso o programmata una procedura di selezione di personale, purch\u00e9 il collegamento tra dette dichiarazioni e le condizioni di accesso all&#8217;occupazione e al lavoro in seno a tale impresa non sia ipotetico.<\/p>\n<p>2) La direttiva 2000\/78 deve essere interpretata nel senso che essa non osta ad una normativa nazionale in virt\u00f9 della quale un&#8217;associazione di avvocati, la cui finalit\u00e0 statutaria consista nel difendere in giudizio le persone aventi segnatamente un determinato orientamento sessuale e nel promuovere la cultura e il rispetto dei diritti di tale categoria di persone, sia, in ragione di tale finalit\u00e0 e indipendentemente dall&#8217;eventuale scopo di lucro dell&#8217;associazione stessa, automaticamente legittimata ad avviare un procedimento giurisdizionale inteso a far rispettare gli obblighi risultanti dalla direttiva summenzionata e, eventualmente, ad ottenere il risarcimento del danno, nel caso in cui si verifichino fatti idonei a costituire una discriminazione, ai sensi di detta direttiva, nei confronti della citata categoria di persone e non sia identificabile una persona lesa.<\/li>\n<\/ol>\n<\/li>\n<\/ol>\n<\/li>\n<\/ol>\n","protected":false},"excerpt":{"rendered":"<p>Corte di giustizia dell&#8217;Unione Europea Grande Sezione Sentenza 23 aprile 2020 \u00abRinvio pregiudiziale &#8211; Parit\u00e0 di trattamento in materia di<\/p>\n","protected":false},"author":3,"featured_media":1277,"comment_status":"closed","ping_status":"open","sticky":false,"template":"","format":"standard","meta":[],"categories":[34,5],"tags":[23],"yoast_head":"<!-- This site is optimized with the Yoast SEO plugin v16.1.1 - https:\/\/yoast.com\/wordpress\/plugins\/seo\/ -->\n<title>Condizioni di accesso all&#039;occupazione e al lavoro - Divieto di discriminazioni fondate sull&#039;orientamento sessuale - Dichiarazioni pubbliche che escludono l&#039;assunzione di persone omosessuali<\/title>\n<meta name=\"description\" content=\"Dichiarazioni che escludono l&#039;assunzione di omosessuali rientrano nelle condizioni di accesso all&#039;occupazione e lavoro di cui all&#039;art 3 direttiva 2000\/78\" \/>\n<link rel=\"canonical\" href=\"http:\/\/www.osservatoriodiscriminazioni.org\/index.php\/2020\/05\/13\/1276\/\" \/>\n<meta property=\"og:locale\" content=\"it_IT\" \/>\n<meta property=\"og:type\" content=\"article\" \/>\n<meta property=\"og:title\" content=\"Condizioni di accesso all&#039;occupazione e al lavoro - Divieto di discriminazioni fondate sull&#039;orientamento sessuale - Dichiarazioni pubbliche che escludono l&#039;assunzione di persone omosessuali\" \/>\n<meta property=\"og:description\" content=\"Dichiarazioni che escludono l&#039;assunzione di omosessuali rientrano nelle condizioni di accesso all&#039;occupazione e lavoro di cui all&#039;art 3 direttiva 2000\/78\" \/>\n<meta property=\"og:url\" content=\"http:\/\/www.osservatoriodiscriminazioni.org\/index.php\/2020\/05\/13\/1276\/\" \/>\n<meta property=\"og:site_name\" content=\"Osservatorio Sulle Discriminazioni\" \/>\n<meta property=\"article:publisher\" content=\"https:\/\/www.facebook.com\/osservatoriodiscriminaz\" \/>\n<meta property=\"article:published_time\" content=\"2020-05-13T08:44:17+00:00\" \/>\n<meta property=\"article:modified_time\" content=\"2020-05-13T08:48:56+00:00\" \/>\n<meta property=\"og:image\" content=\"http:\/\/www.osservatoriodiscriminazioni.org\/wp-content\/uploads\/2020\/05\/discriminazione-orientamento-sessuale-.jpg\" \/>\n\t<meta property=\"og:image:width\" content=\"1024\" \/>\n\t<meta property=\"og:image:height\" content=\"683\" \/>\n<meta name=\"twitter:card\" content=\"summary\" \/>\n<meta name=\"twitter:creator\" content=\"@ossdiscriminaz\" \/>\n<meta name=\"twitter:site\" content=\"@ossdiscriminaz\" \/>\n<meta name=\"twitter:label1\" content=\"Tempo di lettura stimato\">\n\t<meta name=\"twitter:data1\" content=\"30 minuti\">\n<script type=\"application\/ld+json\" class=\"yoast-schema-graph\">{\"@context\":\"https:\/\/schema.org\",\"@graph\":[{\"@type\":\"WebSite\",\"@id\":\"http:\/\/www.osservatoriodiscriminazioni.org\/#website\",\"url\":\"http:\/\/www.osservatoriodiscriminazioni.org\/\",\"name\":\"Osservatorio Sulle Discriminazioni\",\"description\":\"Monitoraggio della giurisprudenza italiana in tema di diritto antidiscriminatorio\",\"potentialAction\":[{\"@type\":\"SearchAction\",\"target\":\"http:\/\/www.osservatoriodiscriminazioni.org\/?s={search_term_string}\",\"query-input\":\"required name=search_term_string\"}],\"inLanguage\":\"it-IT\"},{\"@type\":\"ImageObject\",\"@id\":\"http:\/\/www.osservatoriodiscriminazioni.org\/index.php\/2020\/05\/13\/1276\/#primaryimage\",\"inLanguage\":\"it-IT\",\"url\":\"http:\/\/www.osservatoriodiscriminazioni.org\/wp-content\/uploads\/2020\/05\/discriminazione-orientamento-sessuale-.jpg\",\"contentUrl\":\"http:\/\/www.osservatoriodiscriminazioni.org\/wp-content\/uploads\/2020\/05\/discriminazione-orientamento-sessuale-.jpg\",\"width\":1024,\"height\":683,\"caption\":\"Discriminazione sulla base dell\\u2019orientamento sessuale, Corte di giustizia dell'Unione Europea Grande Sezione Sentenza 23 aprile 2020\"},{\"@type\":\"WebPage\",\"@id\":\"http:\/\/www.osservatoriodiscriminazioni.org\/index.php\/2020\/05\/13\/1276\/#webpage\",\"url\":\"http:\/\/www.osservatoriodiscriminazioni.org\/index.php\/2020\/05\/13\/1276\/\",\"name\":\"Condizioni di accesso all'occupazione e al lavoro - Divieto di discriminazioni fondate sull'orientamento sessuale - Dichiarazioni pubbliche che escludono l'assunzione di persone omosessuali\",\"isPartOf\":{\"@id\":\"http:\/\/www.osservatoriodiscriminazioni.org\/#website\"},\"primaryImageOfPage\":{\"@id\":\"http:\/\/www.osservatoriodiscriminazioni.org\/index.php\/2020\/05\/13\/1276\/#primaryimage\"},\"datePublished\":\"2020-05-13T08:44:17+00:00\",\"dateModified\":\"2020-05-13T08:48:56+00:00\",\"author\":{\"@id\":\"http:\/\/www.osservatoriodiscriminazioni.org\/#\/schema\/person\/6ab94f9e22fe6d45aa358019825cfff0\"},\"description\":\"Dichiarazioni che escludono l'assunzione di omosessuali rientrano nelle condizioni di accesso all'occupazione e lavoro di cui all'art 3 direttiva 2000\/78\",\"breadcrumb\":{\"@id\":\"http:\/\/www.osservatoriodiscriminazioni.org\/index.php\/2020\/05\/13\/1276\/#breadcrumb\"},\"inLanguage\":\"it-IT\",\"potentialAction\":[{\"@type\":\"ReadAction\",\"target\":[\"http:\/\/www.osservatoriodiscriminazioni.org\/index.php\/2020\/05\/13\/1276\/\"]}]},{\"@type\":\"BreadcrumbList\",\"@id\":\"http:\/\/www.osservatoriodiscriminazioni.org\/index.php\/2020\/05\/13\/1276\/#breadcrumb\",\"itemListElement\":[{\"@type\":\"ListItem\",\"position\":1,\"item\":{\"@type\":\"WebPage\",\"@id\":\"http:\/\/www.osservatoriodiscriminazioni.org\/\",\"url\":\"http:\/\/www.osservatoriodiscriminazioni.org\/\",\"name\":\"Home\"}},{\"@type\":\"ListItem\",\"position\":2,\"item\":{\"@type\":\"WebPage\",\"@id\":\"http:\/\/www.osservatoriodiscriminazioni.org\/index.php\/2020\/05\/13\/1276\/\",\"url\":\"http:\/\/www.osservatoriodiscriminazioni.org\/index.php\/2020\/05\/13\/1276\/\",\"name\":\"Condizioni di accesso all&#8217;occupazione e al lavoro &#8211; Discriminazione sulla base dell\\u2019orientamento sessuale, Corte di giustizia dell&#8217;Unione Europea Grande Sezione Sentenza 23 aprile 2020\"}}]},{\"@type\":\"Person\",\"@id\":\"http:\/\/www.osservatoriodiscriminazioni.org\/#\/schema\/person\/6ab94f9e22fe6d45aa358019825cfff0\",\"name\":\"Jennifer Michelotti\",\"image\":{\"@type\":\"ImageObject\",\"@id\":\"http:\/\/www.osservatoriodiscriminazioni.org\/#personlogo\",\"inLanguage\":\"it-IT\",\"url\":\"http:\/\/0.gravatar.com\/avatar\/c6485836d0e47edbb733e5a03fce9730?s=96&d=mm&r=g\",\"contentUrl\":\"http:\/\/0.gravatar.com\/avatar\/c6485836d0e47edbb733e5a03fce9730?s=96&d=mm&r=g\",\"caption\":\"Jennifer Michelotti\"}}]}<\/script>\n<!-- \/ Yoast SEO plugin. -->","_links":{"self":[{"href":"http:\/\/www.osservatoriodiscriminazioni.org\/index.php\/wp-json\/wp\/v2\/posts\/1276"}],"collection":[{"href":"http:\/\/www.osservatoriodiscriminazioni.org\/index.php\/wp-json\/wp\/v2\/posts"}],"about":[{"href":"http:\/\/www.osservatoriodiscriminazioni.org\/index.php\/wp-json\/wp\/v2\/types\/post"}],"author":[{"embeddable":true,"href":"http:\/\/www.osservatoriodiscriminazioni.org\/index.php\/wp-json\/wp\/v2\/users\/3"}],"replies":[{"embeddable":true,"href":"http:\/\/www.osservatoriodiscriminazioni.org\/index.php\/wp-json\/wp\/v2\/comments?post=1276"}],"version-history":[{"count":3,"href":"http:\/\/www.osservatoriodiscriminazioni.org\/index.php\/wp-json\/wp\/v2\/posts\/1276\/revisions"}],"predecessor-version":[{"id":1280,"href":"http:\/\/www.osservatoriodiscriminazioni.org\/index.php\/wp-json\/wp\/v2\/posts\/1276\/revisions\/1280"}],"wp:featuredmedia":[{"embeddable":true,"href":"http:\/\/www.osservatoriodiscriminazioni.org\/index.php\/wp-json\/wp\/v2\/media\/1277"}],"wp:attachment":[{"href":"http:\/\/www.osservatoriodiscriminazioni.org\/index.php\/wp-json\/wp\/v2\/media?parent=1276"}],"wp:term":[{"taxonomy":"category","embeddable":true,"href":"http:\/\/www.osservatoriodiscriminazioni.org\/index.php\/wp-json\/wp\/v2\/categories?post=1276"},{"taxonomy":"post_tag","embeddable":true,"href":"http:\/\/www.osservatoriodiscriminazioni.org\/index.php\/wp-json\/wp\/v2\/tags?post=1276"}],"curies":[{"name":"wp","href":"https:\/\/api.w.org\/{rel}","templated":true}]}}