{"id":1431,"date":"2020-10-27T11:56:31","date_gmt":"2020-10-27T10:56:31","guid":{"rendered":"http:\/\/www.osservatoriodiscriminazioni.org\/?p=1431"},"modified":"2020-10-27T11:57:35","modified_gmt":"2020-10-27T10:57:35","slug":"mancata-predisposizione-mezzi-accesso-disabili-discriminazione-motivi-handicap-tribunale-roma-ordinanza-del-31-maggio-2020","status":"publish","type":"post","link":"http:\/\/www.osservatoriodiscriminazioni.org\/index.php\/2020\/10\/27\/mancata-predisposizione-mezzi-accesso-disabili-discriminazione-motivi-handicap-tribunale-roma-ordinanza-del-31-maggio-2020\/","title":{"rendered":"Mancata predisposizione mezzi per accesso disabili, Discriminazione per motivi di handicap, Tribunale di Roma, ordinanza del 31 maggio 2020."},"content":{"rendered":"<p>&nbsp;<\/p>\n<p style=\"text-align: center;\">\u00a0Tribunale di Roma<\/p>\n<p style=\"text-align: center;\">SEZIONE DIRITTI DELLA PERSONA E IMMIGRAZIONE<\/p>\n<p>&nbsp;<\/p>\n<p>Il tribunale di Roma, in persona del Giudice Cecilia Pratesi, ha emesso la seguente<\/p>\n<p style=\"text-align: center;\"><strong>ORDINANZA<\/strong><\/p>\n<p><strong>ex art. 702-bis c.p.c. <\/strong><\/p>\n<p>a scioglimento della riserva assunta all\u2019udienza del 14.05.2018 nella causa civile di primo grado iscritta al n. R.G. 2968\/2018, introdotta da ASSOCIAZIONE LUCA COSCIONI PER LA LIBERT\u00c0 DI RICERCA SCIENTIFICA, con il patrocinio dell\u2019avv&#8230;&#8230;, nei confronti di F I SRL, con il patrocinio dell\u2019avv&#8230;..<\/p>\n<p>Con ricorso ex art. 702-bis c.p.c. del 16 gennaio 2018, l\u2019Associazione Luca Coscioni per la libert\u00e0 scientifica \u2013 soggetto riconosciuto con DPCM del 2\/10\/2015 tra le associazioni e gli enti legittimati ad agire in giudizio in difesa delle persone con disabilit\u00e0 vittime di discriminazioni- ha convenuto in giudizio F. I. srl in forza della tutela approntata dalla legge n. 67 del 1 marzo 2006, reputando discriminatoria la gestione del servizio di trasporto operata da F, in quanto di fatto le persone con disabilit\u00e0 non beneficiano delle stesse possibilit\u00e0 di viaggiare con F rispetto alle persone c.d. normodotate a causa della mancanza di pedane per la salita e la discesa, nonch\u00e9 degli spazi per lo stazionamento della sedia a ruote, e dell\u2019impossibilit\u00e0 di salire a bordo dei pullman in condizione di autonomia e sicurezza.<\/p>\n<p>F I SRL si \u00e8 costituita in giudizio contestando la fondatezza del ricorso ed eccependo l\u2019incompetenza per territorio del Giudice adito e il difetto di legittimazione attiva dell\u2019Associazione ricorrente relativamente alla domanda di risarcimento del danno.<\/p>\n<p>Con riguardo all\u2019eccezione preliminare di incompetenza per territorio, fondata sul rilievo che la parte resistente ha sede a Milano, deve precisarsi che quanto segue.<\/p>\n<p>Il D.Lgs. n. 150 del 2011, ha previsto l\u2019operativit\u00e0 del rito sommario di cognizione per le controversie in materia di discriminazione di cui al D.Lgs. 25 luglio 1998, n. 286, art. 44 (testo unico sull&#8217;immigrazione), a quelle di cui al D.Lgs. 9 luglio 2003, n. 215, art. 4 (attuazione della direttiva 2000\/43\/C1 per la parit\u00e0 di trattamento tra le persone indipendentemente dalla razza e dall&#8217;origine etnica), a quelle di cui al D.Lgs. 9 luglio 2003, n. 216, art. 4 (attuazione della direttiva 2000\/78\/C1 per la parit\u00e0 di trattamento in materia di occupazione e di condizioni di lavoro), a quelle di cui alla L. 1 marzo 2006, n. 67, art. 3 (misure per la tutela giudiziaria delle persone con disabilit\u00e0 vittime di discriminazioni), e a quelle di cui al D.Lgs. 11 aprile 2006, n. 198, art. 55 quinquies (discriminazioni per ragioni di sesso nell&#8217;accesso a beni e servizi e loro fornitura).<\/p>\n<p>Il medesimo D.Lgs. n. 150 del 2011, in sede di disposizioni finali di cui al capo 5^, ha ribadito (art. 34, comma 34) che i giudizi civili avverso gli atti e i comportamenti di cui al sopra indicato del D.Lgs. n. 216 del 2003, art. 4, sono regolati dall&#8217;art. 28, che prevede tra l\u2019altro al comma 2 la competenza del tribunale del luogo in cui il ricorrente ha il proprio domicilio.<\/p>\n<p>Peraltro il criterio sopra individuato, deve ritenersi di carattere funzionale ed esclusivo al fine di garantire l&#8217;effettivit\u00e0 della tutela ed, in assenza di una esplicita volont\u00e0 del legislatore, non pu\u00f2 ritenersi derogabile neppure dal ricorrente (cfr. Cass. 29 ottobre 2013, n. 24419; si veda anche Cass. 19 maggio 2004, n. 9567 secondo la quale l&#8217;azione civile contro la discriminazione razziale che, analogamente a quella di cui al D.Lgs. n. 150 del 2011, art. 28, si esercita con ricorso depositato anche personalmente dalla parte nella cancelleria del tribunale del luogo di domicilio dell&#8217;istante, configura una ipotesi di competenza territoriale inderogabile ex art. 28 c.p.c., che non pu\u00f2 subire modifiche, neppure per ragioni di connessione).<\/p>\n<p>L\u2019eccezione \u00e8 dunque priva di fondamento.<\/p>\n<p>Nel merito, non \u00e8 contestato l\u2019assunto del ricorrente secondo cui i mezzi di F I Srl non sarebbero dotati di pedane che consentano l\u2019accesso dei disabili e di spazi per lo stazionamento della sedia a ruote.<\/p>\n<p>Ai sensi dell\u2019art. 115 cpc \u201c<em>il giudice deve porre a fondamento della decisione le prove proposte dalle parti o dal pubblico ministero nonch\u00e9 i fatti non specificatamente contestati dalla parte costituita\u201d <\/em>. La parte convenuta \u00e8 comunque tenuta a prendere posizione, in modo chiaro ed analitico, sui fatti posti dall&#8217;attore a fondamento della propria domanda, i quali debbono ritenersi ammessi, senza necessit\u00e0 di prova, ove la parte, nelle proprie difese si limiti a negare genericamente la &#8220;sussistenza dei presupposti di legge&#8221; per l&#8217;accoglimento della domanda attorea, senza elevare alcuna contestazione chiara e specifica <strong>(<\/strong>Cass. n. 19896\/2015). Nel caso di specie la difesa di parte ricorrente si limita a replicare con una generica dichiarazione di conformit\u00e0 dei propri autobus alle normative vigenti, senza tuttavia fare alcun riferimento alla presenza sui mezzi F di strutture che consentano il trasporto dei disabili in condizioni di sicurezza.<\/p>\n<p>Il ricorrente, inoltre, ha anche prodotto lo scambio di email intervenuto tra alcuni passeggeri e la societ\u00e0 convenuta, che alla richiesta di conoscere se gli autobus F fossero mezzi accessibili a disabili, ha risposto con missive del tenore: \u201c<em>non abbiamo quei tipi di bus<\/em>\u201d<\/p>\n<p>Ora, la legge 1.3.2006 n. 67, offre specifica tutela nei riguardi dei comportamenti che determinino effetti di emarginazione o esclusione delle persone disabili dalle opportunit\u00e0 garantite alla generalit\u00e0 dei consociati, e d\u00e0 veste concreta al principio in base al quale non pu\u00f2 essere praticata alcuna discriminazione in pregiudizio delle persone con disabilit\u00e0. L\u2019art. 1 recita infatti: <em>La presente legge, ai sensi dell&#8217;articolo 3 della Costituzione, promuove la piena attuazione del principio di parit\u00e0 di trattamento e delle pari opportunit\u00e0 nei confronti delle persone con disabilit\u00e0 di cui all&#8217;articolo 3 della legge 5 febbraio 1992, n. 104, al fine di garantire alle stesse il pieno godimento dei loro diritti civili, politici, economici e sociali<\/em><\/p>\n<p>Ora, dalla descrizione fattuale fornita dalla parte ricorrente, emerge che l\u2019accesso al servizio da parte di persone con disabilit\u00e0 motoria che necessitano di sedia a ruote, risulta per quanto attiene al servizio F o del tutto precluso o fruibile in condizioni di estrema difficolt\u00e0 oltre lesive della dignit\u00e0 individuale (occorre infatti disporre di una sedia pieghevole che deve essere ricoverata nel bagagliaio e quindi per raggiungere la postazione all\u2019interno del bus si deve essere sollevati di peso da terze persone o in alternativa essere costretti a strisciare; tale situazione di fatto costituendo un ostacolo pressoch\u00e9 insormontabile all\u2019utilizzo di un servizio di trasporto pubblico, concreta una forma di discriminazione indiretta ai sensi dell\u2019art. 2 della l. 67\/2006, laddove (art. 2 comma 3) chiarisce che <em>si ha discriminazione indiretta quando una disposizione, un criterio, una prassi, un atto, un patto o un comportamento apparentemente neutri mettono una persona con disabilit\u00e0 in una posizione di svantaggio rispetto ad altre persone.<\/em><\/p>\n<p>Ai sensi dell\u2019art. 28 d.lvo 150\/2011, <em>quando il ricorrente fornisce elementi di fatto (\u2026\u2026.) dai quali si pu\u00f2 presumere l&#8217;esistenza di atti, patti o comportamenti discriminatori, spetta al convenuto l&#8217;onere di provare l&#8217;insussistenza della discriminazione<\/em>. Ed ancora, \u201c<em>con l&#8217;ordinanza che definisce il giudizio il giudice pu\u00f2 condannare il convenuto al risarcimento del danno anche non patrimoniale e ordinare la cessazione del comportamento, della condotta o dell&#8217;atto discriminatorio pregiudizievole, adottando, anche nei confronti della pubblica amministrazione, ogni altro provvedimento idoneo a rimuoverne gli effetti. Quando accoglie la domanda proposta, il giudice pu\u00f2 ordinare la pubblicazione del provvedimento, per una sola volta e a spese del convenuto, su un quotidiano di tiratura nazionale.<\/em><\/p>\n<p>Dunque \u2013 in mancanza di elementi che portino ad escludere la discriminazione rispetto alle possibilit\u00e0 di accesso ad un servizio di pubblico rilievo, deve essere disposta la cessazione della condotta illegittima, mediante ordine a F di predisporre a beneficio degli utenti condisabilit\u00e0 un servizio che consenta loro l\u2019accesso tramite mezzi adeguatamente predisposti, eventualmente anche da utilizzare previa richiesta degli interessati. Si ritiene di disporre inoltre a fini riparativi ed ai sensi della norma sopra citata, la pubblicazione della presente decisione a spese della parte convenuta per una volta sulla edizione del quotidiano Il Corriere della Sera.<\/p>\n<p>Va invece rigettata la domanda di risarcimento danni non patrimoniali avanzata dall\u2019Associazione Luca Coscioni.<\/p>\n<p>L\u2019art. 4. legge n. 67 del 2006 prevede che: \u201c<em>Sono altresi&#8217; legittimati ad agire ai sensi dell&#8217;articolo 3 in forza di delega rilasciata per atto pubblico o per scrittura privata autenticata a pena di nullita&#8217;, in nome e per conto del soggetto passivo della discriminazione, le associazioni e gli enti individuati con decreto del Ministro per le pari opportunita&#8217;, di concerto con il Ministro del lavoro e delle politiche sociali, sulla base della finalita&#8217; statutaria e della stabilita&#8217; dell&#8217;organizzazione. <\/em><\/p>\n<p><em>Le associazioni e gli enti di cui al comma 1 possono intervenire nei giudizi per danno subito dalle persone con disabilita&#8217; e ricorrere in sede di giurisdizione amministrativa per l&#8217;annullamento di atti lesivi degli interessi delle persone stesse. <\/em><\/p>\n<p><em>Le associazioni e gli enti di cui al comma 1 sono altresi&#8217; legittimati ad agire, in relazione ai comportamenti discriminatori di cui ai commi 2 e 3 dell&#8217;articolo 2, quando questi assumano carattere collettivo. <\/em><\/p>\n<p>La norma esclude chiaramente una legittimazione delle associazioni rappresentative in ordine alle domande risarcitorie a meno che non risultino muniti di apposita delega, il che non risulta nel caso presente.<\/p>\n<p>Le spese di lite seguono la soccombenza prevalente.<\/p>\n<p style=\"text-align: center;\"><strong>P.Q.M.<\/strong><\/p>\n<p>Il Tribunale, definitivamente pronunciando:<\/p>\n<p>&#8211; <strong>dichiara <\/strong>che la mancata predisposizione di corse su automezzi accessibili ai disabili costituisce discriminazione indiretta ai sensi dell\u2019art. 2, comma 3, della legge 67\/2006;<\/p>\n<p>&#8211; <strong>ordina <\/strong>a F I SRL di mettere a disposizione degli utenti entro 60 giorni dalla comunicazione del presente provvedimento, mezzi accessibili ai disabili, eventualmente utilizzabili previa richiesta degli interessati.<\/p>\n<p>&#8211; <strong>ordina <\/strong>la pubblicazione del presente provvedimento a spese di F I SRL per una volta sul quotidiano Il Corriere della Sera;<\/p>\n<p>&#8211; <strong>condanna <\/strong>la parte convenuta a rifondere alla parte ricorrente le spese di lite, liquidate in euro 1.980,00 per compensi professionali, oltre iva cpa e spese generali (15%).<\/p>\n<p>Si comunichi.<\/p>\n<p>Roma, 31 maggio 2018<\/p>\n","protected":false},"excerpt":{"rendered":"<p>&nbsp; \u00a0Tribunale di Roma SEZIONE DIRITTI DELLA PERSONA E IMMIGRAZIONE &nbsp; Il tribunale di Roma, in persona del Giudice Cecilia<\/p>\n","protected":false},"author":3,"featured_media":1433,"comment_status":"closed","ping_status":"open","sticky":false,"template":"","format":"standard","meta":[],"categories":[37],"tags":[60],"yoast_head":"<!-- This site is optimized with the Yoast SEO plugin v16.1.1 - https:\/\/yoast.com\/wordpress\/plugins\/seo\/ -->\n<title>Mancata predisposizione automezzi accessibili ai disabili, Discriminazione per motivi di handicap, Tribunale di Roma, ordinanza del 31 maggio 2020.<\/title>\n<meta name=\"description\" content=\"la mancata predisposizione di corse su automezzi accessibili ai disabili costituisce discriminazione indiretta ai sensi dell\u2019art. 2, comma 3, L 67\/2006\" \/>\n<link rel=\"canonical\" href=\"http:\/\/www.osservatoriodiscriminazioni.org\/index.php\/2020\/10\/27\/mancata-predisposizione-mezzi-accesso-disabili-discriminazione-motivi-handicap-tribunale-roma-ordinanza-del-31-maggio-2020\/\" \/>\n<meta property=\"og:locale\" content=\"it_IT\" \/>\n<meta property=\"og:type\" content=\"article\" \/>\n<meta property=\"og:title\" content=\"Mancata predisposizione automezzi accessibili ai disabili, Discriminazione per motivi di handicap, Tribunale di Roma, ordinanza del 31 maggio 2020.\" \/>\n<meta property=\"og:description\" content=\"la mancata predisposizione di corse su automezzi accessibili ai disabili costituisce discriminazione indiretta ai sensi dell\u2019art. 2, comma 3, L 67\/2006\" \/>\n<meta property=\"og:url\" content=\"http:\/\/www.osservatoriodiscriminazioni.org\/index.php\/2020\/10\/27\/mancata-predisposizione-mezzi-accesso-disabili-discriminazione-motivi-handicap-tribunale-roma-ordinanza-del-31-maggio-2020\/\" \/>\n<meta property=\"og:site_name\" content=\"Osservatorio Sulle Discriminazioni\" \/>\n<meta property=\"article:publisher\" content=\"https:\/\/www.facebook.com\/osservatoriodiscriminaz\" \/>\n<meta property=\"article:published_time\" content=\"2020-10-27T10:56:31+00:00\" \/>\n<meta property=\"article:modified_time\" content=\"2020-10-27T10:57:35+00:00\" \/>\n<meta property=\"og:image\" content=\"http:\/\/www.osservatoriodiscriminazioni.org\/wp-content\/uploads\/2020\/10\/interior-public-bus-transport_53876-63433.jpg\" \/>\n\t<meta property=\"og:image:width\" content=\"626\" \/>\n\t<meta property=\"og:image:height\" content=\"417\" \/>\n<meta name=\"twitter:card\" content=\"summary\" \/>\n<meta name=\"twitter:creator\" content=\"@ossdiscriminaz\" \/>\n<meta name=\"twitter:site\" content=\"@ossdiscriminaz\" \/>\n<meta name=\"twitter:label1\" content=\"Tempo di lettura stimato\">\n\t<meta name=\"twitter:data1\" content=\"8 minuti\">\n<script type=\"application\/ld+json\" class=\"yoast-schema-graph\">{\"@context\":\"https:\/\/schema.org\",\"@graph\":[{\"@type\":\"WebSite\",\"@id\":\"http:\/\/www.osservatoriodiscriminazioni.org\/#website\",\"url\":\"http:\/\/www.osservatoriodiscriminazioni.org\/\",\"name\":\"Osservatorio Sulle Discriminazioni\",\"description\":\"Monitoraggio della giurisprudenza italiana in tema di diritto antidiscriminatorio\",\"potentialAction\":[{\"@type\":\"SearchAction\",\"target\":\"http:\/\/www.osservatoriodiscriminazioni.org\/?s={search_term_string}\",\"query-input\":\"required name=search_term_string\"}],\"inLanguage\":\"it-IT\"},{\"@type\":\"ImageObject\",\"@id\":\"http:\/\/www.osservatoriodiscriminazioni.org\/index.php\/2020\/10\/27\/mancata-predisposizione-mezzi-accesso-disabili-discriminazione-motivi-handicap-tribunale-roma-ordinanza-del-31-maggio-2020\/#primaryimage\",\"inLanguage\":\"it-IT\",\"url\":\"http:\/\/www.osservatoriodiscriminazioni.org\/wp-content\/uploads\/2020\/10\/interior-public-bus-transport_53876-63433.jpg\",\"contentUrl\":\"http:\/\/www.osservatoriodiscriminazioni.org\/wp-content\/uploads\/2020\/10\/interior-public-bus-transport_53876-63433.jpg\",\"width\":626,\"height\":417,\"caption\":\"Mancata predisposizione mezzi per accesso disabili, Discriminazione per motivi di handicap, Tribunale di Roma, ordinanza del 31 maggio 2020\"},{\"@type\":\"WebPage\",\"@id\":\"http:\/\/www.osservatoriodiscriminazioni.org\/index.php\/2020\/10\/27\/mancata-predisposizione-mezzi-accesso-disabili-discriminazione-motivi-handicap-tribunale-roma-ordinanza-del-31-maggio-2020\/#webpage\",\"url\":\"http:\/\/www.osservatoriodiscriminazioni.org\/index.php\/2020\/10\/27\/mancata-predisposizione-mezzi-accesso-disabili-discriminazione-motivi-handicap-tribunale-roma-ordinanza-del-31-maggio-2020\/\",\"name\":\"Mancata predisposizione automezzi accessibili ai disabili, Discriminazione per motivi di handicap, Tribunale di Roma, ordinanza del 31 maggio 2020.\",\"isPartOf\":{\"@id\":\"http:\/\/www.osservatoriodiscriminazioni.org\/#website\"},\"primaryImageOfPage\":{\"@id\":\"http:\/\/www.osservatoriodiscriminazioni.org\/index.php\/2020\/10\/27\/mancata-predisposizione-mezzi-accesso-disabili-discriminazione-motivi-handicap-tribunale-roma-ordinanza-del-31-maggio-2020\/#primaryimage\"},\"datePublished\":\"2020-10-27T10:56:31+00:00\",\"dateModified\":\"2020-10-27T10:57:35+00:00\",\"author\":{\"@id\":\"http:\/\/www.osservatoriodiscriminazioni.org\/#\/schema\/person\/6ab94f9e22fe6d45aa358019825cfff0\"},\"description\":\"la mancata predisposizione di corse su automezzi accessibili ai disabili costituisce discriminazione indiretta ai sensi dell\\u2019art. 2, comma 3, L 67\/2006\",\"breadcrumb\":{\"@id\":\"http:\/\/www.osservatoriodiscriminazioni.org\/index.php\/2020\/10\/27\/mancata-predisposizione-mezzi-accesso-disabili-discriminazione-motivi-handicap-tribunale-roma-ordinanza-del-31-maggio-2020\/#breadcrumb\"},\"inLanguage\":\"it-IT\",\"potentialAction\":[{\"@type\":\"ReadAction\",\"target\":[\"http:\/\/www.osservatoriodiscriminazioni.org\/index.php\/2020\/10\/27\/mancata-predisposizione-mezzi-accesso-disabili-discriminazione-motivi-handicap-tribunale-roma-ordinanza-del-31-maggio-2020\/\"]}]},{\"@type\":\"BreadcrumbList\",\"@id\":\"http:\/\/www.osservatoriodiscriminazioni.org\/index.php\/2020\/10\/27\/mancata-predisposizione-mezzi-accesso-disabili-discriminazione-motivi-handicap-tribunale-roma-ordinanza-del-31-maggio-2020\/#breadcrumb\",\"itemListElement\":[{\"@type\":\"ListItem\",\"position\":1,\"item\":{\"@type\":\"WebPage\",\"@id\":\"http:\/\/www.osservatoriodiscriminazioni.org\/\",\"url\":\"http:\/\/www.osservatoriodiscriminazioni.org\/\",\"name\":\"Home\"}},{\"@type\":\"ListItem\",\"position\":2,\"item\":{\"@type\":\"WebPage\",\"@id\":\"http:\/\/www.osservatoriodiscriminazioni.org\/index.php\/2020\/10\/27\/mancata-predisposizione-mezzi-accesso-disabili-discriminazione-motivi-handicap-tribunale-roma-ordinanza-del-31-maggio-2020\/\",\"url\":\"http:\/\/www.osservatoriodiscriminazioni.org\/index.php\/2020\/10\/27\/mancata-predisposizione-mezzi-accesso-disabili-discriminazione-motivi-handicap-tribunale-roma-ordinanza-del-31-maggio-2020\/\",\"name\":\"Mancata predisposizione mezzi per accesso disabili, Discriminazione per motivi di handicap, Tribunale di Roma, ordinanza del 31 maggio 2020.\"}}]},{\"@type\":\"Person\",\"@id\":\"http:\/\/www.osservatoriodiscriminazioni.org\/#\/schema\/person\/6ab94f9e22fe6d45aa358019825cfff0\",\"name\":\"Jennifer Michelotti\",\"image\":{\"@type\":\"ImageObject\",\"@id\":\"http:\/\/www.osservatoriodiscriminazioni.org\/#personlogo\",\"inLanguage\":\"it-IT\",\"url\":\"http:\/\/0.gravatar.com\/avatar\/c6485836d0e47edbb733e5a03fce9730?s=96&d=mm&r=g\",\"contentUrl\":\"http:\/\/0.gravatar.com\/avatar\/c6485836d0e47edbb733e5a03fce9730?s=96&d=mm&r=g\",\"caption\":\"Jennifer Michelotti\"}}]}<\/script>\n<!-- \/ Yoast SEO plugin. -->","_links":{"self":[{"href":"http:\/\/www.osservatoriodiscriminazioni.org\/index.php\/wp-json\/wp\/v2\/posts\/1431"}],"collection":[{"href":"http:\/\/www.osservatoriodiscriminazioni.org\/index.php\/wp-json\/wp\/v2\/posts"}],"about":[{"href":"http:\/\/www.osservatoriodiscriminazioni.org\/index.php\/wp-json\/wp\/v2\/types\/post"}],"author":[{"embeddable":true,"href":"http:\/\/www.osservatoriodiscriminazioni.org\/index.php\/wp-json\/wp\/v2\/users\/3"}],"replies":[{"embeddable":true,"href":"http:\/\/www.osservatoriodiscriminazioni.org\/index.php\/wp-json\/wp\/v2\/comments?post=1431"}],"version-history":[{"count":2,"href":"http:\/\/www.osservatoriodiscriminazioni.org\/index.php\/wp-json\/wp\/v2\/posts\/1431\/revisions"}],"predecessor-version":[{"id":1456,"href":"http:\/\/www.osservatoriodiscriminazioni.org\/index.php\/wp-json\/wp\/v2\/posts\/1431\/revisions\/1456"}],"wp:featuredmedia":[{"embeddable":true,"href":"http:\/\/www.osservatoriodiscriminazioni.org\/index.php\/wp-json\/wp\/v2\/media\/1433"}],"wp:attachment":[{"href":"http:\/\/www.osservatoriodiscriminazioni.org\/index.php\/wp-json\/wp\/v2\/media?parent=1431"}],"wp:term":[{"taxonomy":"category","embeddable":true,"href":"http:\/\/www.osservatoriodiscriminazioni.org\/index.php\/wp-json\/wp\/v2\/categories?post=1431"},{"taxonomy":"post_tag","embeddable":true,"href":"http:\/\/www.osservatoriodiscriminazioni.org\/index.php\/wp-json\/wp\/v2\/tags?post=1431"}],"curies":[{"name":"wp","href":"https:\/\/api.w.org\/{rel}","templated":true}]}}