{"id":2139,"date":"2025-02-17T21:22:53","date_gmt":"2025-02-17T20:22:53","guid":{"rendered":"http:\/\/www.osservatoriodiscriminazioni.org\/?p=2139"},"modified":"2025-02-17T21:22:56","modified_gmt":"2025-02-17T20:22:56","slug":"discriminazione-disabilita-rifiuto-di-iscrizione-studiente-disabile-da-parte-di-una-scuola-tribunale-termini-imerese-ordinanza-del-23-luglio-2024","status":"publish","type":"post","link":"http:\/\/www.osservatoriodiscriminazioni.org\/index.php\/2025\/02\/17\/discriminazione-disabilita-rifiuto-di-iscrizione-studiente-disabile-da-parte-di-una-scuola-tribunale-termini-imerese-ordinanza-del-23-luglio-2024\/","title":{"rendered":"Discriminazione disabilit\u00e0, rifiuto di iscrizione studiente disabile da parte di una scuola, Tribunale Termini Imerese, ordinanza del 23 luglio 2024"},"content":{"rendered":"\n<p class=\"has-text-align-center\">Tribunale Ordinario di Termini Imerese<\/p>\n\n\n\n<p class=\"has-text-align-center\">Sezione Civile<\/p>\n\n\n\n<p>Il Giudice, dott.ssa Rossana Musumeci,<\/p>\n\n\n\n<p>sciogliendo la riserva assunta all\u2019udienza del 19 luglio 2024, ha emesso la seguente<\/p>\n\n\n\n<p class=\"has-text-align-center\">ORDINANZA<\/p>\n\n\n\n<p>nel procedimento avente ad oggetto il ricorso ex artt. 3 L. n. 67\/2006 ed ex artt. 700 e 669 sexies comma 2 c.p.c.<\/p>\n\n\n\n<p class=\"has-text-align-center\">tra<\/p>\n\n\n\n<p>________________________, nella qualit\u00e0 di genitori esercenti la responsabilit\u00e0 genitoriale nei confronti della figlia minore _____________, nata a Palermo in data __\/__\/__, rappresentati e difesi, congiuntamente e disgiuntamente, dagli Avv.ti Maria Dolores Broccoli, Elena Buccanfuso e Walter Miceli, giusta procura in calce al ricorso;<\/p>\n\n\n\n<p class=\"has-text-align-right\">ricorrenti<\/p>\n\n\n\n<p class=\"has-text-align-center\">e<\/p>\n\n\n\n<p>Liceo Artistico \u201c________\u201d, in persona del legale rappresentante pro tempore, rappresentato ex lege dall\u2019Avvocatura Distrettuale dello Stato;<\/p>\n\n\n\n<p>resistente non costituito<\/p>\n\n\n\n<p>letti gli atti;<\/p>\n\n\n\n<p>a scioglimento della riserva assunta all\u2019udienza del 19 luglio 2024;<\/p>\n\n\n\n<p>rilevato che con ricorso depositato il 17.5.2024 i ricorrenti hanno convenuto in giudizio il Liceo Artistico \u201c______\u201d, e, premesso di essere genitori della minore _______, affetta da \u201cDeficit cognitivo di grado lieve\u201d, esponevano:<\/p>\n\n\n\n<p>&#8211; di aver presentato, in data 1.2.2024, domanda telematica di iscrizione scolastica della figlia presso il liceo convenuto;<\/p>\n\n\n\n<p>&#8211; che con comunicazione a mezzo email del 15.3.2024, tuttavia, l\u2019istituto scolastico aveva rifiutato la domanda di iscrizione della minore, comunicando che la stessa era stata smistata presso l\u2019istituto professionale della medesima cittadina;<\/p>\n\n\n\n<p>&#8211; che richiesti chiarimenti in ordine al rifiuto dell\u2019iscrizione, l\u2019istituto scolastico aveva dedotto che la scelta era motivata dal numero di domande di iscrizione di alunni disabili, non accettabili dal numero 10 in poi, a causa della necessit\u00e0, motivata sulla scorta delle norme di cui al DPR n. 81\/2009 e del regolamento di istituto, di formare classi composte da un numero massimo di 20 alunni, con possibili deroghe fino al 10%, di cui massimo due in condizioni di disabilit\u00e0;<\/p>\n\n\n\n<p>rilevato che i ricorrenti deducevano l\u2019illegittimit\u00e0 della condotta del Liceo Artistico de quo, concretatasi nel rifiuto di iscrizione scolastica di ____, con conseguente discriminazione in violazione della legge n. 104\/1992 nonch\u00e9 della legge n. 67\/2006, del D.P.R. n. 81\/2009, nonch\u00e9 della normativa sovranazionale di riferimento e chiedevano, pertanto, al Tribunale, in via cautelare, di adottare i provvedimenti idonei a far cessare la condotta discriminatoria nei confronti della minore, ordinando all\u2019istituto scolastico convenuto di accogliere la domanda di iscrizione della medesima per l\u2019a.s. 2024\/2025;<\/p>\n\n\n\n<p>rilevato che il Liceo Artistico \u201c_______\u201d, pure ritualmente evocato, tuttavia, non si costituiva in giudizio;<\/p>\n\n\n\n<p>considerato, quale generale premessa, che al fine di dare attuazione al principio di uguaglianza formale e sostanziale sancito dall\u2019art. 3 Cost., con la legge n. 67\/2006, \u00e8 stato introdotto il divieto di ogni pratica discriminatoria, diretta e indiretta, in pregiudizio delle persone con disabilit\u00e0, prevedendo nuovi strumenti di tutela in favore delle stesse contro qualsivoglia comportamento che di fatto le ponga in una condizione di esclusione ed emarginazione;<\/p>\n\n\n\n<p>osservato che il testo normativo or ora richiamato, all\u2019art. 2, enuclea la nozione di discriminazione diretta e indiretta, per tali dovendosi intendere, rispettivamente, quando \u201cper motivi connessi alla disabilit\u00e0, una persona \u00e8 trattata meno favorevolmente di quanto sia, sia stata o sarebbe trattata una persona non disabile in situazione analoga\u201d, e quando \u201cuna disposizione, un criterio, una prassi, un atto, un patto o un comportamento apparentemente neutri mettono una persona con disabilit\u00e0 in una posizione di svantaggio rispetto ad altre persone\u201d;<\/p>\n\n\n\n<p>ritenuto che alla luce di tale normativa ogni condotta, anche omissiva, dell\u2019Amministrazione, che abbia l\u2019effetto di porre il disabile in una condizione svantaggiata rispetto agli altri, deve essere necessariamente ricondotta alla nozione di discriminazione, secondo la lettura esegetica dell\u2019art. 2 della L. n. 67\/2006 offerta da Cass., sez. un., n\u00b025011\/2014;<\/p>\n\n\n\n<p>ritenuto, inoltre, che il diritto della persona disabile all\u2019istruzione si configura come un diritto fondamentale \u201cla cui tutela passa attraverso l\u2019attivarsi della pubblica amministrazione per il suo riconoscimento e la sua garanzia, mediante le doverose misure di integrazione e sostegno atte a rendere possibile ai portatori di disabilit\u00e0 la frequenza delle scuole, a partire dalla materna\u201d (ancora Cass. n. 25011\/2014), cos\u00ec come rammentato, del resto, anche dalla Corte Costituzionale (sentenza n. 215\/1987), per la quale la frequenza scolastica \u00e8, insieme alle pratiche di cura e riabilitazione ed al proficuo inserimento nella famiglia, un essenziale fattore di recupero del portatore di handicap e di superamento della sua potenziale emarginazione, in un complesso intreccio in cui ciascuno di tali elementi interagisce sull\u2019altro e, se ha evoluzione positiva, pu\u00f2 operare in funzione sinergica ai fini del complessivo sviluppo della personalit\u00e0;<\/p>\n\n\n\n<p>rilevato, ancora, che l\u2019organizzazione della rete scolastica, in particolare delle classi con alunni in situazione di disabilit\u00e0, \u00e8 disciplinata dall\u2019art. 5, comma 2, del D.P.R. n. 81\/2009, il quale dispone: \u201cLe classi iniziali delle scuole ed istituti di ogni ordine e grado, ivi comprese le sezioni di scuola dell&#8217;infanzia, che accolgono alunni con disabilit\u00e0 sono costituite, di norma, con non pi\u00f9 di 20 alunni, purch\u00e9 sia esplicitata e motivata la necessit\u00e0 di tale consistenza numerica, in rapporto alle esigenze formative degli alunni disabili, e purch\u00e9 il progetto articolato di integrazione definisca espressamente le strategie e le metodologie adottate dai docenti della classe, dall&#8217;insegnante di sostegno, o da altro personale operante nella scuola. L&#8217;istituzione delle predette classi deve in ogni caso far conseguire le economie previste nei tempi e nelle misure di cui all&#8217;articolo 64, comma 6, del decreto-legge 25 giugno 2008,<\/p>\n\n\n\n<p>n. 112, convertito, con modificazioni, dalla legge 6 agosto 2008, n. 133.\u201d;<\/p>\n\n\n\n<p>ritenuto che, dall\u2019interpretazione letterale della norma or ora richiamata, non si evince alcuna prescrizione normativa in ordine al numero massimo di alunni della classe ospitante soggetti affetti da disabilit\u00e0, esclusa, per vero, dalla locuzione \u201cdi norma\u201d testualmente riportata dalla norma;<\/p>\n\n\n\n<p>ritenuto, pertanto, che, nel rispetto dei poteri organizzativi di ciascun istituto scolastico, non parrebbe consentita l\u2019esclusione di alunni affetti da disabilit\u00e0 sol perch\u00e9 non sia possibile garantire il rispetto del rapporto 1 a 20 di cui all\u2019art. 5 comma 2 sopra citato (interpretazione, quest\u2019ultima, avallata altres\u00ec dalla giurisdizione amministrativa intervenuta sul punto; cfr. Tar Toscana nel proc. n. 439\/2018);<\/p>\n\n\n\n<p>ritenuto, pertanto, alla luce di tutte le superiori argomentazioni, che il rifiuto dell\u2019iscrizione di _______, affetta da disabilit\u00e0 di grado lieve, posto in essere dal Liceo Artistico resistente integri, senza dubbio, una condotta discriminatoria, come si evince chiaramente dalle motivazioni dedotte a sostegno dell\u2019esclusione;<\/p>\n\n\n\n<p>rilevato, invero, che l\u2019istituto scolastico di secondo grado, nella mail inviata alla ricorrente _________, n.q. di genitore della minore, si \u00e8 limitata a precisare di non poter accettare le iscrizioni di alunni disabili superiori al n. 10, richiamando la normativa di cui al D.P.R. n. 81\/2009, senza null\u2019altro aggiungere in ordine a specifici profili didattici e\/o organizzativi posti alla base del rifiuto;<\/p>\n\n\n\n<p>rilevato che, parimenti, nessun ulteriore e specifico profilo idoneo a giustificare l\u2019esclusione emerge dalla disamina del Regolamento di istituto, pure offerto dai ricorrenti, in cui, nella parte relativa alla formazione delle classi prime, si richiama il numero medio di 20 alunni nel caso in cui sia presente un alunno disabile, e, anzi, si valorizzano le \u201cpreferenze\u201d espresse dai genitori all\u2019atto dell\u2019iscrizione definite come \u201cla richiesta da parte di un genitore di fare o di non far frequentare preferibilmente il proprio figlio unitamente ad altro studente.\u201d;<\/p>\n\n\n\n<p>ritenuto, pertanto, sulla scorta del panorama normativo cos\u00ec come brevemente richiamato nonch\u00e9 delle circostanze di fatto dedotte dai ricorrenti, che il rifiuto dell\u2019iscrizione di ___________ al primo anno del liceo artistico nonch\u00e9 lo smistamento della medesima in altro istituto, indicato come seconda scelta, integrino una condotta discriminatoria, comportando per l\u2019alunna de quo un trattamento diverso e deteriore in ragione della disabilit\u00e0, rispetto agli alunni normodotati;<\/p>\n\n\n\n<p>ritenuto, dunque, che il ricorso debba essere accolto;<\/p>\n\n\n\n<p>per questi motivi<\/p>\n\n\n\n<p>in accoglimento del ricorso, accertata la natura discriminatoria della condotta del Liceo Artistico \u201c________\u201d nei confronti di _______, ordina all\u2019istituto scolastico in questione l\u2019immediata e pronta iscrizione dell\u2019alunna per l\u2019a.s. 2024\/2025 alla classe prima dell\u2019istituto;<\/p>\n\n\n\n<p>spese al merito.<\/p>\n\n\n\n<p>Manda alla Cancelleria per gli adempimenti di propria competenza. Termini Imerese, 23 luglio 2024<\/p>\n\n\n\n<p>Il Giudice<\/p>\n\n\n\n<p>Rossana Musumeci<\/p>\n","protected":false},"excerpt":{"rendered":"<p>Tribunale Ordinario di Termini Imerese Sezione Civile Il Giudice, dott.ssa Rossana Musumeci, sciogliendo la riserva assunta all\u2019udienza del 19 luglio<\/p>\n","protected":false},"author":3,"featured_media":2140,"comment_status":"closed","ping_status":"open","sticky":false,"template":"","format":"standard","meta":[],"categories":[37,5],"tags":[],"yoast_head":"<!-- This site is optimized with the Yoast SEO plugin v16.1.1 - https:\/\/yoast.com\/wordpress\/plugins\/seo\/ -->\n<title>Discriminazione disabilit\u00e0, rifiuto di iscrizione studente disabile da parte di una scuola<\/title>\n<meta name=\"description\" content=\"Discriminazione disabilit\u00e0, rifiuto di iscrizione studente disabile da parte di una scuola,\" \/>\n<link rel=\"canonical\" href=\"http:\/\/www.osservatoriodiscriminazioni.org\/index.php\/2025\/02\/17\/discriminazione-disabilita-rifiuto-di-iscrizione-studiente-disabile-da-parte-di-una-scuola-tribunale-termini-imerese-ordinanza-del-23-luglio-2024\/\" \/>\n<meta property=\"og:locale\" content=\"it_IT\" \/>\n<meta property=\"og:type\" content=\"article\" \/>\n<meta property=\"og:title\" content=\"Discriminazione disabilit\u00e0, rifiuto di iscrizione studente disabile da parte di una scuola\" \/>\n<meta property=\"og:description\" content=\"Discriminazione disabilit\u00e0, rifiuto di iscrizione studente disabile da parte di una scuola,\" \/>\n<meta property=\"og:url\" content=\"http:\/\/www.osservatoriodiscriminazioni.org\/index.php\/2025\/02\/17\/discriminazione-disabilita-rifiuto-di-iscrizione-studiente-disabile-da-parte-di-una-scuola-tribunale-termini-imerese-ordinanza-del-23-luglio-2024\/\" \/>\n<meta property=\"og:site_name\" content=\"Osservatorio Sulle Discriminazioni\" \/>\n<meta property=\"article:publisher\" content=\"https:\/\/www.facebook.com\/osservatoriodiscriminaz\" \/>\n<meta property=\"article:published_time\" content=\"2025-02-17T20:22:53+00:00\" \/>\n<meta property=\"article:modified_time\" content=\"2025-02-17T20:22:56+00:00\" \/>\n<meta property=\"og:image\" content=\"http:\/\/www.osservatoriodiscriminazioni.org\/wp-content\/uploads\/2025\/02\/pexels-didsss-2675061-scaled.jpg\" \/>\n\t<meta property=\"og:image:width\" content=\"1707\" \/>\n\t<meta property=\"og:image:height\" content=\"2560\" \/>\n<meta name=\"twitter:card\" content=\"summary\" \/>\n<meta name=\"twitter:creator\" content=\"@ossdiscriminaz\" \/>\n<meta name=\"twitter:site\" content=\"@ossdiscriminaz\" \/>\n<meta name=\"twitter:label1\" content=\"Tempo di lettura stimato\">\n\t<meta name=\"twitter:data1\" content=\"6 minuti\">\n<script type=\"application\/ld+json\" class=\"yoast-schema-graph\">{\"@context\":\"https:\/\/schema.org\",\"@graph\":[{\"@type\":\"WebSite\",\"@id\":\"http:\/\/www.osservatoriodiscriminazioni.org\/#website\",\"url\":\"http:\/\/www.osservatoriodiscriminazioni.org\/\",\"name\":\"Osservatorio Sulle Discriminazioni\",\"description\":\"Monitoraggio della giurisprudenza italiana in tema di diritto antidiscriminatorio\",\"potentialAction\":[{\"@type\":\"SearchAction\",\"target\":\"http:\/\/www.osservatoriodiscriminazioni.org\/?s={search_term_string}\",\"query-input\":\"required name=search_term_string\"}],\"inLanguage\":\"it-IT\"},{\"@type\":\"ImageObject\",\"@id\":\"http:\/\/www.osservatoriodiscriminazioni.org\/index.php\/2025\/02\/17\/discriminazione-disabilita-rifiuto-di-iscrizione-studiente-disabile-da-parte-di-una-scuola-tribunale-termini-imerese-ordinanza-del-23-luglio-2024\/#primaryimage\",\"inLanguage\":\"it-IT\",\"url\":\"http:\/\/www.osservatoriodiscriminazioni.org\/wp-content\/uploads\/2025\/02\/pexels-didsss-2675061-scaled.jpg\",\"contentUrl\":\"http:\/\/www.osservatoriodiscriminazioni.org\/wp-content\/uploads\/2025\/02\/pexels-didsss-2675061-scaled.jpg\",\"width\":1707,\"height\":2560,\"caption\":\"E' discriminatorio il comportamento della scuola che rifiuta l'iscrizione di uno studente con disabilit\\u00e0 solo perch\\u00e9 si \\u00e8 superata la soglia di 10 studenti con disabilit\\u00e0 per istituto\"},{\"@type\":\"WebPage\",\"@id\":\"http:\/\/www.osservatoriodiscriminazioni.org\/index.php\/2025\/02\/17\/discriminazione-disabilita-rifiuto-di-iscrizione-studiente-disabile-da-parte-di-una-scuola-tribunale-termini-imerese-ordinanza-del-23-luglio-2024\/#webpage\",\"url\":\"http:\/\/www.osservatoriodiscriminazioni.org\/index.php\/2025\/02\/17\/discriminazione-disabilita-rifiuto-di-iscrizione-studiente-disabile-da-parte-di-una-scuola-tribunale-termini-imerese-ordinanza-del-23-luglio-2024\/\",\"name\":\"Discriminazione disabilit\\u00e0, rifiuto di iscrizione studente disabile da parte di una scuola\",\"isPartOf\":{\"@id\":\"http:\/\/www.osservatoriodiscriminazioni.org\/#website\"},\"primaryImageOfPage\":{\"@id\":\"http:\/\/www.osservatoriodiscriminazioni.org\/index.php\/2025\/02\/17\/discriminazione-disabilita-rifiuto-di-iscrizione-studiente-disabile-da-parte-di-una-scuola-tribunale-termini-imerese-ordinanza-del-23-luglio-2024\/#primaryimage\"},\"datePublished\":\"2025-02-17T20:22:53+00:00\",\"dateModified\":\"2025-02-17T20:22:56+00:00\",\"author\":{\"@id\":\"http:\/\/www.osservatoriodiscriminazioni.org\/#\/schema\/person\/6ab94f9e22fe6d45aa358019825cfff0\"},\"description\":\"Discriminazione disabilit\\u00e0, rifiuto di iscrizione studente disabile da parte di una scuola,\",\"breadcrumb\":{\"@id\":\"http:\/\/www.osservatoriodiscriminazioni.org\/index.php\/2025\/02\/17\/discriminazione-disabilita-rifiuto-di-iscrizione-studiente-disabile-da-parte-di-una-scuola-tribunale-termini-imerese-ordinanza-del-23-luglio-2024\/#breadcrumb\"},\"inLanguage\":\"it-IT\",\"potentialAction\":[{\"@type\":\"ReadAction\",\"target\":[\"http:\/\/www.osservatoriodiscriminazioni.org\/index.php\/2025\/02\/17\/discriminazione-disabilita-rifiuto-di-iscrizione-studiente-disabile-da-parte-di-una-scuola-tribunale-termini-imerese-ordinanza-del-23-luglio-2024\/\"]}]},{\"@type\":\"BreadcrumbList\",\"@id\":\"http:\/\/www.osservatoriodiscriminazioni.org\/index.php\/2025\/02\/17\/discriminazione-disabilita-rifiuto-di-iscrizione-studiente-disabile-da-parte-di-una-scuola-tribunale-termini-imerese-ordinanza-del-23-luglio-2024\/#breadcrumb\",\"itemListElement\":[{\"@type\":\"ListItem\",\"position\":1,\"item\":{\"@type\":\"WebPage\",\"@id\":\"http:\/\/www.osservatoriodiscriminazioni.org\/\",\"url\":\"http:\/\/www.osservatoriodiscriminazioni.org\/\",\"name\":\"Home\"}},{\"@type\":\"ListItem\",\"position\":2,\"item\":{\"@type\":\"WebPage\",\"@id\":\"http:\/\/www.osservatoriodiscriminazioni.org\/index.php\/2025\/02\/17\/discriminazione-disabilita-rifiuto-di-iscrizione-studiente-disabile-da-parte-di-una-scuola-tribunale-termini-imerese-ordinanza-del-23-luglio-2024\/\",\"url\":\"http:\/\/www.osservatoriodiscriminazioni.org\/index.php\/2025\/02\/17\/discriminazione-disabilita-rifiuto-di-iscrizione-studiente-disabile-da-parte-di-una-scuola-tribunale-termini-imerese-ordinanza-del-23-luglio-2024\/\",\"name\":\"Discriminazione disabilit\\u00e0, rifiuto di iscrizione studiente disabile da parte di una scuola, Tribunale Termini Imerese, ordinanza del 23 luglio 2024\"}}]},{\"@type\":\"Person\",\"@id\":\"http:\/\/www.osservatoriodiscriminazioni.org\/#\/schema\/person\/6ab94f9e22fe6d45aa358019825cfff0\",\"name\":\"Jennifer Michelotti\",\"image\":{\"@type\":\"ImageObject\",\"@id\":\"http:\/\/www.osservatoriodiscriminazioni.org\/#personlogo\",\"inLanguage\":\"it-IT\",\"url\":\"http:\/\/0.gravatar.com\/avatar\/c6485836d0e47edbb733e5a03fce9730?s=96&d=mm&r=g\",\"contentUrl\":\"http:\/\/0.gravatar.com\/avatar\/c6485836d0e47edbb733e5a03fce9730?s=96&d=mm&r=g\",\"caption\":\"Jennifer Michelotti\"}}]}<\/script>\n<!-- \/ Yoast SEO plugin. -->","_links":{"self":[{"href":"http:\/\/www.osservatoriodiscriminazioni.org\/index.php\/wp-json\/wp\/v2\/posts\/2139"}],"collection":[{"href":"http:\/\/www.osservatoriodiscriminazioni.org\/index.php\/wp-json\/wp\/v2\/posts"}],"about":[{"href":"http:\/\/www.osservatoriodiscriminazioni.org\/index.php\/wp-json\/wp\/v2\/types\/post"}],"author":[{"embeddable":true,"href":"http:\/\/www.osservatoriodiscriminazioni.org\/index.php\/wp-json\/wp\/v2\/users\/3"}],"replies":[{"embeddable":true,"href":"http:\/\/www.osservatoriodiscriminazioni.org\/index.php\/wp-json\/wp\/v2\/comments?post=2139"}],"version-history":[{"count":2,"href":"http:\/\/www.osservatoriodiscriminazioni.org\/index.php\/wp-json\/wp\/v2\/posts\/2139\/revisions"}],"predecessor-version":[{"id":2143,"href":"http:\/\/www.osservatoriodiscriminazioni.org\/index.php\/wp-json\/wp\/v2\/posts\/2139\/revisions\/2143"}],"wp:featuredmedia":[{"embeddable":true,"href":"http:\/\/www.osservatoriodiscriminazioni.org\/index.php\/wp-json\/wp\/v2\/media\/2140"}],"wp:attachment":[{"href":"http:\/\/www.osservatoriodiscriminazioni.org\/index.php\/wp-json\/wp\/v2\/media?parent=2139"}],"wp:term":[{"taxonomy":"category","embeddable":true,"href":"http:\/\/www.osservatoriodiscriminazioni.org\/index.php\/wp-json\/wp\/v2\/categories?post=2139"},{"taxonomy":"post_tag","embeddable":true,"href":"http:\/\/www.osservatoriodiscriminazioni.org\/index.php\/wp-json\/wp\/v2\/tags?post=2139"}],"curies":[{"name":"wp","href":"https:\/\/api.w.org\/{rel}","templated":true}]}}