{"id":463,"date":"2016-01-28T09:36:30","date_gmt":"2016-01-28T08:36:30","guid":{"rendered":"http:\/\/www.osservatoriodiscriminazioni.org\/?p=463"},"modified":"2016-01-28T09:36:30","modified_gmt":"2016-01-28T08:36:30","slug":"discr-sindacale-corte-app-trieste-sent-ott-2015","status":"publish","type":"post","link":"http:\/\/www.osservatoriodiscriminazioni.org\/index.php\/2016\/01\/28\/discr-sindacale-corte-app-trieste-sent-ott-2015\/","title":{"rendered":"Discriminazione sindacale, Corte d&#8217;appello di Trieste, sentenza 1 ottobre 2015"},"content":{"rendered":"<p style=\"text-align: center;\"><strong>\u00a0REPUBBLICA ITALIANA<\/strong><\/p>\n<p style=\"text-align: center;\"><strong>\u00a0In Nome del Popolo Italiano<\/strong><\/p>\n<p>La Corte di Appello di TRIESTE, Collegio Lavoro, costituita come segue:<\/p>\n<p>dott. Oliviero\u00a0 DRIGANI\u00a0\u00a0 Presidente<\/p>\n<p>dott. Mario\u00a0 PELLEGRINI\u00a0\u00a0 Consigliere<\/p>\n<p>dott. Lucio\u00a0\u00a0 BENVEGNU&#8217;\u00a0\u00a0 Consigliere<\/p>\n<p>ha pronunciato la seguente<\/p>\n<p style=\"text-align: center;\">\u00a0\u00a0\u00a0\u00a0\u00a0\u00a0\u00a0\u00a0\u00a0\u00a0<strong>\u00a0\u00a0\u00a0 SENTENZA<\/strong><\/p>\n<p>nel procedimento del lavoro in\u00a0 grado di appello, reclamo ex art. 59 l. 92\/2012, promosso con ricorso depositato il 27.2.2015 ed iscritto al n. 65\/2015 R.G.<\/p>\n<p>da G P con gli avvocati Fabio Petracci ed Alessandra Marin<\/p>\n<p style=\"text-align: right;\">\u00a0\u00a0\u00a0\u00a0\u00a0\u00a0\u00a0\u00a0\u00a0\u00a0\u00a0\u00a0\u00a0\u00a0\u00a0 reclamante ed\u00a0 appellante<\/p>\n<p>contro F R S.r.l. in persona del Presidente del Consiglio di Amministrazione, A F, con l\u2019avvocato Roberto Crasnich\u00a0\u00a0 reclamata e<\/p>\n<p style=\"text-align: right;\">\u00a0\u00a0\u00a0\u00a0\u00a0\u00a0\u00a0\u00a0\u00a0\u00a0\u00a0\u00a0\u00a0\u00a0\u00a0\u00a0\u00a0\u00a0\u00a0\u00a0\u00a0\u00a0\u00a0\u00a0\u00a0\u00a0\u00a0\u00a0\u00a0 appellata<\/p>\n<p>CONCLUSIONI DEL RECLAMANTE : In accoglimento dell\u2019appello, accertarsi e dichiarasi che il licenziamento intimato deve considerarsi discriminatorio e nullo e, di conseguenza, condannarsi la convenuta alla reintegra dell\u2019appellante ed al risarcimento del danno nei termini previsti dalla legge. In subordine o contestualmente, accertarsi e dichiararsi l\u2019insussistenza di una giusta causa di recesso e quindi condannarsi la convenuta al reintegro del ricorrente e\/o al risarcimento del danno. Per tutte le ipotesi con interessi e rivalutazione e con vittoria di spese, diritti ed onorari per tutti i gradi del giudizio e diritto di distrazione a favore dei sottoscritti avvocati e procuratori che hanno provveduto in ogni grado ad anticipare le spese.<\/p>\n<p>CONCLUSIONI DELLA RECLAMATA : nel merito, a) in via principale, rigettarsi integralmente il reclamo proposto,\u00a0 confermando per intero la sentenza impugnata; con rifusione delle spese di lite e responsabilit\u00e0 aggravata; b) in via incidentale, accertarsi, dichiarasi e confermarsi la legittimit\u00e0 del licenziamento intimato il 24.1.2014 sulla base delle contestazioni dd. 9.1.2014 1) per violazione dell\u2019art. 81 lettera f) seconda parte CCNL; in presenza di assenze ingiustificate ripetute per oltre tre volte in un anno nel giorno seguente ai festivi od alle ferie; 2) per violazione dell\u2019art. 81 lettera f) prima parte CCNL , in presenza di assenze ingiustificate prolungate oltre quattro giorni consecutivi; 3) per violazione degli artt. 2014 e 1375 c.c. in relazione \u00a0\u00a0\u00a0all\u2019utilizzo delle assenze per malattia come impropria\/illegittima forma di protesta o come indebito stratagemma per sottrarsi alla prestazione lavorativa; 4) per giustificato motivo oggettivo in ragione dell\u2019inattendibilit\u00e0 e\/o mancanza di utilit\u00e0 nella prestazione di lavoro, a fronte dell\u2019entit\u00e0 delle assenze riscontrate in capo al reclamato; 5) per ogni differente valutazione di inadempimento e\/o violazione fondamentale degli obblighi relativi al rapporto di lavoro, accertata dalla Corte all\u2019esito delle contestazioni formulate disciplinarmente ed all\u2019esito delle risultanze emerse in atti. Con rigetto del reclamo avversario e vittoria di spese e competenze di causa e con condanna per responsabilit\u00e0 aggravata.<\/p>\n<p style=\"text-align: center;\"><strong>\u00a0\u00a0\u00a0\u00a0\u00a0 Ragioni di fatto e di diritto<\/strong><\/p>\n<p>Con ricorso ex art. 1 comma 48 l. 92\/2012 depositato il \u00a07.5.2014 G P si rivolgeva al Tribunale di Gorizia, Giudice del lavoro, esponendo di essere un dipendente della societ\u00e0 F R e di essere stato pure in essa un rappresentante sindacale, delineava il corso del suo rapporto di lavoro, caratterizzato da una costante sua discriminazione per la sua veste di sindacalista e da un intento vessatorio nei suoi riguardi. Narrava poi l\u2019interessato che nel corso degli anni la datrice, gi\u00e0 da tempo gli aveva rappresentato l\u2019intento di fare a meno della sua collaborazione per \u00a0poi dare corso ad una serie di comportamenti dell\u2019impresa volti a farlo desistere dal continuare il rapporto sino a che, nel gennaio 2014 \u00a0si era giunti nel settembre 2013 al licenziamento per giusta causa per varie assenze dal lavoro non giustificate, come ritenuto dalla societ\u00e0 F.<\/p>\n<p>L\u2019attore si ricorrente si era allora opposto stragiudizialmente a detto atto di licenziamento, ma senza esito. Delineava indi l\u2019attore le ragioni che sorreggevano le sue pretese e chiedeva l\u2019accoglimento delle conclusioni di cui in atti.<\/p>\n<p>Si costituiva in giudizio la societ\u00e0 resistente contestando la fondatezza delle domande del P e chiedendone la reiezione.<\/p>\n<p>La causa, istruita solo documentalmente, veniva definita con ordinanza dd. 4\/10.9.2014 che respingeva integralmente il ricorso e condannando il ricorrente lev spese giudiziali.<\/p>\n<p>Seguiva opposizione ex art. 1 comma 51 l. 92\/2012 proposta dall\u2019attore nella quale lo stesso, rivisitati i fatti ed i temi di causa e ripercorso l\u2019iter motivazionale del primo Giudice, chiedeva la revoca dell\u2019ordinanza citata sopra e l\u2019accoglimento di ogni sua domanda.<\/p>\n<p>Si costituiva in tale sede la convenuta \u00a0per replicare ai rilievi della controparte, notare la giustezza della decisione resa e\u00a0 chiedere venisse respinta l\u2019opposizione citata.<\/p>\n<p>Il Tribunale di Gorizia, all\u2019esito della trattazione, decideva la causa con la sentenza n. 15\/2015 dd. 30.1.2015 con cui respingeva l\u2019opposizione confermando l\u2019ordinanza resa a suo tempo nell\u2019anno 2014 fra le parti e condannando l\u2019attrice a pagare le spese del procedimento.<\/p>\n<p>Avverso tale decisione proponeva rituale e tempestivo reclamo l\u2019attore P \u00a0che riassumeva fatti e temi del contendere per affidarsi poi a quattro motivi di critica.<\/p>\n<p>Ribadiva il reclamante l&#8217;istanza di ricusazione proposta, per essere stato il giudizio trattato in I ed in II istanza da uno stesso Giudice. \u00a0Notava poi il reclamante che il Giudice di II istanza aveva errato nel ricostruire i fatti di causa e nel non ritenere del tutto giustificate le assenze dal lavoro del ricorrente. Si doleva poi l\u2019appellante del fatto che il Giudice di I grado aveva mal interpretato le previsioni di CCNL in punto alla sanzioni sanzionabili con il licenziamento fra le quali non vi era quella pretesa dalla convenuta, invero nemmeno ricorrente qui. Osservava inoltre il reclamante che il Tribunale aveva pure errato nel non ammettere le prove capitolate, specie in punto natura discriminatoriet\u00e0 dell\u2019atto stesso, invero evidente. Allegava poi il Pl\u2019avvenuta violazione dei canoni del giusto processo e rassegnava indi la reclamante le conclusioni di cui in premessa, chiedendone\u00a0 l\u2019accoglimento.<\/p>\n<p>Si costituiva anche in questo giudizio di reclamo la convenuta impresa F replicando ai rilievi ed ai motivi di controparte e chiedendo la conferma della sentenza n. 15\/2015 del Tribunale di Udine.<\/p>\n<p>All\u2019udienza del 23.4.2015 la causa veniva discussa e, all\u2019esito, rimessa in istruttoria per assumere alcune prove per testi; curati detti incombenti alle udienze del 9.6.2015 e del 14.8.2015, all\u2019udienza del giorno 1.10.2015 la controversia veniva discussa ed affidata alla decisione di questa Corte.<\/p>\n<p>In limine, quanto al rilievo riferito, in sintesi, all&#8217;incompatibilit\u00e0 fra il Giudice che (vedi l&#8217;art. 1 commi 47 e segg. l. 92\/2012) decide in fase interinale il giudizio definendolo con ordinanza e quello che poi tratta e definisce, con sentenza, (art. 1 comma 51 l. 92 citata) la fase di opposizione il giudizio, si condividono le notazioni gi\u00e0 svolte dal Tribunale di Gorizia dd. 4.11.2014 nel respingere la richiesta di ricusazione svolta dal P. Del resto, e per concludere, la stessa Corte di cassazione ha avvallato l&#8217;opinione in senso contrario notando che (vedi Cass. 7782\/2015) i casi di astensione e quindi di ricusazione del Giudice definiti dall&#8217;art. 51 c.p.c. sono di stretta interpretazione e non soggetti ad estensione per analogia; la stessa Corte poi ha posto in evidenza che, in I grado ed ai sensi dell&#8217;art. 1 l. 92\/2012 si ha in fase di opposizione solo una prosecuzione del giudizio dopo quella urgente, definita con ordinanza (vedi anche Cass. 3136\/2015). Da ultimo, si \u00e8 ivi posto in risalto che la fase di opposizione \u00e8 a cognizione piena dopo una prima fase di natura urgente ed interinale sicch\u00e8 non si pu\u00f2 parlare di un altro giudizio, ma del medesimo (vedi Cass. 19674\/2014 richiamata in Cass. 7782\/2015 su citata).<\/p>\n<p>Analizzando ora in via unitaria i motivi di doglianza, va posto da subito in risalto che la causa \u00e8 stata qui, in sede di appello\/reclamo, istruita sicch\u00e8 viene meno ogni questione riferita all&#8217;omessa attivit\u00e0 istruttoria ed alla violazione del canone del giusto processo.<\/p>\n<p>Per il resto, il tema del decidere si incentra sulla legittimit\u00e0 o meno del licenziamento perch\u00e8 sorretto e giustificato (docc. 13 e 15 attorei, lettera di contestazione dd. 9.1.2014 e comunicazione di licenziamento dd. 24.1.2014) su sei assenze dal servizio seguite a giorni festivi e due a giorni di ferie (lettera a) della contestazione)e su nove assenze ingiustificate ( lettera b) dell&#8217;atto di contestazione). Si nota allora che (doc. 11 estratto riassuntivo dei certificati di malattia dell&#8217;attore nel corso del rapporto di lavoro dal 2011 a tutto il 2013)nelle prime sei occasioni citate (assenze dal servizio dopo i giorni festivi lettera a)) vi erano certificati medici di malattia a suffragio e giustificazione, lo stesso valeva poi per le assenze dopo i giorni di ferie in numero di 2 e per i 9 episodi di assenza asseritamente ingiustificata, tutti interessati da certificati medici. A corredo e conferma vi sono poi gli attestati di malattia telematici dimessi in copia dal reclamante (doc. 12 di parte appellante); a detti elementi si assommano poi i docc. 9,10 del ricorrente P che avvalorano per un periodo l&#8217;esistenza di complicanze flogistiche ed algiche in prossimit\u00e0 del periodo di assenza dell&#8217;assenza per malattia del febbraio 2013 e attestato del servizio di Pronto Soccorso Ospedaliero di Monfalcone dd. 7.10.2013. Si nota poi che, al di l\u00e0 delle generiche contestazioni dell&#8217;appellata F, nulla \u00e8 stato provato o tentato di provare in merito a qualche circostanza che smentisse i dati di cui ai certificati in atti; inoltre, va osservato che molti\u00a0 degli episodi in oggetto sono stati contestati al P e come assenze post giorni festivi e come assenze ingiustificate ed un tanto vale per le assenze del 4.2 al 8.2.2013, dal 18.2 al 20.2.2013 dal 24.6 al 28.6.2013, dal 1.7 al 5.7.2013 e dal 7.10 al 10.10.2013 e cio\u00e8 per cinque episodi sui sei dui quelli di cui al punto a) della lettera di contestazioni citata ed invero, sul piano logico, detto fatto pare poco giustificabile perch\u00e8 esse o erano assenze ingiustificate o non lo erano e non pu\u00f2 essere condivisa la pretesa della societ\u00e0 parte in causa di ascrivere le stesse ipotesi a due violazioni diverse. Detta situazione avvalora anzi quanto si andr\u00e0 poi a dire quanto alla reale natura del licenziamento in oggetto, come verr\u00e0 qui riscontrata. Sul versante dell&#8217;interpretazione delle clausole negoziali inoltre non viene condivisa l&#8217;esegesi svolta in I grado quanto alla previsione di cui\u00a0 all&#8217;art. 81 lettera f) del CCNL 2009\/2012 Aziende Legno, Sughero, Mobile ecc. (doc. 1 ter appellata) pacificamente applicabile nel caso di specie. Detta previsione sanziona con il licenziamento senza preavviso le assenze ingiustificate prolungate oltre 4 giorni consecutivi o le assenze ripetute per tre volte in un anno nel giorno seguente ai festivi o seguente le ferie e, al di l\u00e0 del solo dato letterale in cui non ci si richiama alle assenze ingiustificate nel secondo caso, va riferito sempre a casi di assenza senza giustificazione: opinando diversamente si sanzionerebbe in modo pi\u00f9 grave il caso di tre assenze giustificate dopo un festivo ecc. rispetto al caso ad es. di una sola assenza ingiustificata di ben pi\u00f9 di quattro giorni. Sotto il profilo logico e della ragionevolezza ed equit\u00e0 la ricostruzione adottata in I grado non risulta dunque convincente; di pi\u00f9 e in seno ad un\u2019interpretazione di sistema, \u00a0l&#8217;art. 47 (gi\u00e0 29) del CCNL menzionato e dimesso in atti definisce le assenze e afferma che per le (sole) assenze non giustificate valgono le norme disciplinari di CCNL e, in simmetria, asserisce che il lavoratore assente per pi\u00f9 di quattro giorni di fila o per tre volte in un anno nei giorni seguenti ai festivi sar\u00e0 soggetto alle previsioni sui licenziamenti, facile \u00e8 allora arguire che il secondo riferimento \u00e8 solo alle assenze ingiustificate (che infatti sono trattate poi nella parte riferita alle sanzioni disciplinari, incluso il licenziamento). A completamento, l&#8217;art. 47 citato chiude il suo dire statuendo che\u00a0 l&#8217;assenza giustificata ed autorizzata non d\u00e0 luogo a decorrenza della retribuzione e questa sola \u00e8 la conseguenza di detto tipo di assenza; da ultimo, l&#8217;art. 48 CCNL per le assenze per malattia prevede gli usuali oneri di reperibilit\u00e0 e di informazione ma altro non dice e qui, come visto, di assenza per\u00a0 malattia ebbe a trattarsi. Rileva allora il precedente della prassi richiamato dall&#8217;attore e per il quale le assenze dal lavoro in giorni seguenti a quelli festivi o di ferie importano, ai fini disciplinari, solo se ingiustificate (vedi Cass. 47\/1987) e qui, come gi\u00e0 segnalato, rammentato il noto canone dell&#8217;onere della prova di cui all&#8217;art. 5 l. 604\/1966, di assenze ingiustificate non vi \u00e8 prova e nulla smentisce i certificati dimessi dal P e fatti pervenire a suo tempo e tempestivamente alla F S.r.l.. Cos\u00ec delineato il quadro di riferimento sui temi inerenti alle assenze dal servizio &#8220;de quibus&#8221; va ora affrontato il tema della reale natura, discriminatoria, del licenziamento che \u00e8 stata qui dimostrata in base alle prove orali e documentali dimesse ed assunte. Anzitutto, sul piano documentale vi sono alcuni atti dal chiaro contenuto, dimostrazione palese della disistima verso il ricorrente e dell\u2019intento di isolarlo nell\u2019ambiente di lavoro: trattasi del doc. 18 attoreo (nota n. 12 dd. 14.5.2012) in cui l\u2019impresa \u201capertis verbis\u201d invita tutti i lavoratori a prendere in considerazione se non fosse il caso di sostituire G P come rappresentante dei lavoratori per la sicurezza (vedi pure il doc. 23 di parte attrice,replica del sindacato alla nota in oggetto), del doc. 20 di parte reclamante (nota dd. 20.10.2010) con cui la societ\u00e0 F nel comunicare agli addetti che il premio di produttivit\u00e0 per il 2010 non sarebbe stato corrisposto, addebitava in pratica un tanto al contegno del responsabile per la sicurezza (P) che aveva richiesto, come pienamente lecito, un miglioramento delle dotazioni in tema di sicurezza, dal doc. 34 attoreo, nota datata 24.10.2013 di diniego di permesso sindacale al ricorrente che lo aveva ritualmente richiesto e che ne aveva diritto, e per cui poi la datrice ha rivisitato la vicenda come traspare dai docc. Sub 4 septies della convenuta ritenendo giustificato il contegno del P e la sia assenza dal lavoro. A corredo, vi sono le deposizioni testimoniali assunte in questo grado di appello alle udienze del 9.6 e del 14.8.2015; il teste A ha riferito dei reiterati suoi interventi in pro del ricorrente e verso l\u2019azienda per i problemi insorti fra le parti, confermando gli atti a sua firma dimessi dal PR ed in particolare la vicenda della comunicazione interna della F di cui al doc. 18 (nota dd. 14.5.12 con cui si invitavano i dipendenti a pensare se non fosse stato meglio eleggere altro rappresentante in sostituzione del reclamante) e quella del premio di produttivit\u00e0 per il 2010 di cui al doc. 20 di parte ricorrente e delle note di protesta redatte dall\u2019organizzazione sindacale in dette occasioni (vedi i docc. 19 e 21 dimessi dalla parte reclamante). Il teste D S ha poi confermato che in occasione di una riunione sindacale dell\u2019ottobre 2010 il legale rappresentante dell\u2019impresa, A F,\u00a0 esprimeva la sua avversione ai rappresentanti sindacali e, in particolare, al P confermando poi detta sua valutazione pure nel febbraio 2013 in altra analoga occasione con un apprezzamento non certo favorevole all\u2019attore definito come \u201cdiverso\u201d, nonch\u00e9 riferendo altro analogo episodio del maggio 2013 in cui lo stesso A F ebbe a criticare duramente i tre rappresentanti sindacali (incluso evidentemente l\u2019attore) definendoli come raccomandati ed intoccabili, a notare l\u2019inutilit\u00e0 delle assemblee \u00a0sindacali, a criticare le aspirazioni di chi mirava a fare il sindacalista, ad osservare che l\u2019assenza di certe persone in azienda era irrilevante. A sua volta poi il teste M ha riferito a sua volta di tali fatti ed episodi dell\u2019ottobre 2010, del maggio 2012, del febbraio 2013, occorsi in sede di riunioni in sede aziendale con il personale, confermandoli e riferendo che il 7.1.2014 anzi il legale rappresentate della resistente preannunzi\u00f2 il licenziamento del P per le sue assenze, per la sua attivit\u00e0 sindacale e per i permessi di cui godeva, confermando che il ricorrente era stato candidato come rappresentante sindacale in quel periodo (vedi il doc. 43 di parete attrice). Infine, il teste M ha a sua volta confermato i fatti del maggio 2012 e quelli dell\u2019ottobre 2010 e quindi l\u2019invito della direzione aziendale, affisso in bacheca, a sostituire il P come rappresentante per la sicurezza e comunque a non considerarlo ai fini della nomina a rappresentante, la valutazione sul premio di produttivit\u00e0 e sulla causa della perdita dello stesso, nonch\u00e9 l\u2019episodio del febbraio 2013 e la valutazione del ricorrente come un \u201cdiverso\u201d. Si era quindi invero in presenza di una serie di episodi nei quali l\u2019impresa, a mezzo del sto legale rappresentante, ebbe a manifestare con continuit\u00e0 e per anni la sua avversione a G P facendo intendere che la sua presenza in azienda era mal sopportata, che il suo operato come sindacalista era controproduttivo e fonte di perdite anche economiche, che il ricorrente approfittava della sua carica a detrimento degli altri, che sarebbe stato meglio lo scegliere altra persona, pi\u00f9 gradita all\u2019impresa, per siffatti incarichi di rappresentanza. Detti episodi si sono articolati in diversi momenti e varie occasioni, occorsi dal 2010 sino alla fine del rapporto nel 2014, e connotati da un costante atteggiamento di disfavore e di disistima nel corso del tempo, volti anche ad isolare il ricorrente dal contesto lavorativo ed ad ingenerare avversione nei suoi confronti da parte dei colleghi. Come noto, detto contegno \u00e8 sanzionato con la nullit\u00e0 dell\u2019atto risolutorio per effetto del combinato disposto degli artt. 18 l. 300\/1970, I e II comma, 3 l. 108\/1990 e 4 l. 604\/1966 sub specie discriminazione dell\u2019interessato per la sua partecipazione all\u2019attivit\u00e0 sindacale. Al riguardo, i dati raccolti, e di cui su si \u00e8 esposto, consentono di reputare essere stata provata, come era onere dell\u2019attore, la natura discriminatoria dell\u2019atto di licenziamento (vedi, in materia, Cass. 6501\/2013 e Cass. 10834\/2015). Va tra l\u2019altro notato che, come esposto prima, il licenziamento \u00e8 stato posto in essere con una motivazione riferita al CCNL e al tema, in esso contratto collettivo, delle assenze, quanto meno opinabile ed in esito non ad una sequela di contestazioni per le varie pretese assenze irregolari ma in base ad\u00a0 una contestazione cumulativa e volutamente pi\u00f9 grave, ma poi in concreto intempestiva rispetto agli episodi pi\u00f9 distanti nel tempo, quelli del 2013 almeno \u00a0sino ad ottobre, fatto questo anche esso degno di nota anche nell\u2019ottica di un atto nullo e discriminatorio. Le iniziative del ricorrente poi e di cui ai documenti dimessi e citate, volte come atto del rappresentante della sicurezza ad una maggiore tutela degli addetti negli ambienti di lavoro,\u00a0 non esulano certo dai compiti e dalle prerogative di cui era affidatario il reclamante e sono anzi tipiche dell\u2019incarico a lui assegnato e quindi le critiche aspre della controparte vertevano proprio su tale sua attivit\u00e0 di natura sindacale e di tutela delle condizioni di lavoro.<\/p>\n<p>La presente decisione ha poi chiara natura dirimente su ogni altro tema e domanda qui proposti e coltivati in causa dalle parti tutte.<\/p>\n<p>Di qui l&#8217;accoglimento del reclamo di parte attrice P; le spese dell&#8217;intero \u00a0giudizio nelle varie sue fasi e gradi, liquidate come da dispositivo, seguono la soccombenza.<\/p>\n<p>P.Q.M.<\/p>\n<p>La Corte di Appello di TRIESTE, Collegio Lavoro, definitivamente pronunciando, cos\u00ec decide :<\/p>\n<p>Accoglie il reclamo proposto da G P contro la sentenza n. 15\/2015 dd. 30.1.2015 del Tribunale di Gorizia e in riforma della stessa accerta e dichiara la nullit\u00e0 per la sua natura discriminatoria del licenziamento posto in essere nei confronti del P con atto dd. 24.1.2014 e condanna la societ\u00e0 F R S.r.l. a reintegrare l\u2019attore stesso nel posto di lavoro da lui occupato sino al gennaio 2014 ed a risarcire all\u2019appellante\u00a0 medesimo il danno a lui causato con il licenziamento, corrispondente ad un\u2019indennit\u00e0 pari alle retribuzioni globali di fatto maturate dal gennaio 2014 sino ad oggi ed a versare i relativi contributi previdenziali ed assistenziali. Condanna la societ\u00e0 appellante a pagare le spese dell&#8217;intero giudizio liquidate in \u20ac 2.300,00 quanto alla fase definita in I grado con ordinanza, in \u20ac 1.500,00 quanto alla fase di opposizione ed in \u20ac 4.000,00 quanto al presente giudizio di reclamo, il tutto oltre IVA, CPA e rimborso forfettario come per legge.<\/p>\n<p>Trieste,1.10.2015\u00a0\u00a0\u00a0\u00a0 \u00a0\u00a0\u00a0Il Presidente<\/p>\n<p>Il Consigliere est.<\/p>\n","protected":false},"excerpt":{"rendered":"<p>\u00a0REPUBBLICA ITALIANA \u00a0In Nome del Popolo Italiano La Corte di Appello di TRIESTE, Collegio Lavoro, costituita come segue: dott. Oliviero\u00a0<\/p>\n","protected":false},"author":3,"featured_media":467,"comment_status":"closed","ping_status":"open","sticky":false,"template":"","format":"standard","meta":[],"categories":[35,5],"tags":[32],"yoast_head":"<!-- This site is optimized with the Yoast SEO plugin v16.1.1 - https:\/\/yoast.com\/wordpress\/plugins\/seo\/ -->\n<title>Discriminazione sindacale, licenziamento, Corte App. Trieste<\/title>\n<meta name=\"description\" content=\"Si era quindi invero in presenza di una serie di episodi nei quali l\u2019impresa, a mezzo del sto legale rappresentante, ebbe a manifestare con continuit\u00e0 e per anni la sua avversione a G P facendo intendere che la sua presenza in azienda era mal sopportata. I dati raccolti, e di cui su si \u00e8 esposto, consentono di reputare essere stata provata, come era onere dell\u2019attore, la natura discriminatoria dell\u2019atto di licenziamento.\" \/>\n<link rel=\"canonical\" href=\"http:\/\/www.osservatoriodiscriminazioni.org\/index.php\/2016\/01\/28\/discr-sindacale-corte-app-trieste-sent-ott-2015\/\" \/>\n<meta property=\"og:locale\" content=\"it_IT\" \/>\n<meta property=\"og:type\" content=\"article\" \/>\n<meta property=\"og:title\" content=\"Discriminazione sindacale, licenziamento, Corte App. Trieste\" \/>\n<meta property=\"og:description\" content=\"Si era quindi invero in presenza di una serie di episodi nei quali l\u2019impresa, a mezzo del sto legale rappresentante, ebbe a manifestare con continuit\u00e0 e per anni la sua avversione a G P facendo intendere che la sua presenza in azienda era mal sopportata. I dati raccolti, e di cui su si \u00e8 esposto, consentono di reputare essere stata provata, come era onere dell\u2019attore, la natura discriminatoria dell\u2019atto di licenziamento.\" \/>\n<meta property=\"og:url\" content=\"http:\/\/www.osservatoriodiscriminazioni.org\/index.php\/2016\/01\/28\/discr-sindacale-corte-app-trieste-sent-ott-2015\/\" \/>\n<meta property=\"og:site_name\" content=\"Osservatorio Sulle Discriminazioni\" \/>\n<meta property=\"article:publisher\" content=\"https:\/\/www.facebook.com\/osservatoriodiscriminaz\" \/>\n<meta property=\"article:published_time\" content=\"2016-01-28T08:36:30+00:00\" \/>\n<meta property=\"og:image\" content=\"http:\/\/www.osservatoriodiscriminazioni.org\/wp-content\/uploads\/2016\/01\/sindacati-120413173012_medium.jpg\" \/>\n\t<meta property=\"og:image:width\" content=\"450\" \/>\n\t<meta property=\"og:image:height\" content=\"444\" \/>\n<meta name=\"twitter:card\" content=\"summary\" \/>\n<meta name=\"twitter:creator\" content=\"@ossdiscriminaz\" \/>\n<meta name=\"twitter:site\" content=\"@ossdiscriminaz\" \/>\n<meta name=\"twitter:label1\" content=\"Tempo di lettura stimato\">\n\t<meta name=\"twitter:data1\" content=\"16 minuti\">\n<script type=\"application\/ld+json\" class=\"yoast-schema-graph\">{\"@context\":\"https:\/\/schema.org\",\"@graph\":[{\"@type\":\"WebSite\",\"@id\":\"http:\/\/www.osservatoriodiscriminazioni.org\/#website\",\"url\":\"http:\/\/www.osservatoriodiscriminazioni.org\/\",\"name\":\"Osservatorio Sulle Discriminazioni\",\"description\":\"Monitoraggio della giurisprudenza italiana in tema di diritto antidiscriminatorio\",\"potentialAction\":[{\"@type\":\"SearchAction\",\"target\":\"http:\/\/www.osservatoriodiscriminazioni.org\/?s={search_term_string}\",\"query-input\":\"required name=search_term_string\"}],\"inLanguage\":\"it-IT\"},{\"@type\":\"ImageObject\",\"@id\":\"http:\/\/www.osservatoriodiscriminazioni.org\/index.php\/2016\/01\/28\/discr-sindacale-corte-app-trieste-sent-ott-2015\/#primaryimage\",\"inLanguage\":\"it-IT\",\"url\":\"http:\/\/www.osservatoriodiscriminazioni.org\/wp-content\/uploads\/2016\/01\/sindacati-120413173012_medium.jpg\",\"contentUrl\":\"http:\/\/www.osservatoriodiscriminazioni.org\/wp-content\/uploads\/2016\/01\/sindacati-120413173012_medium.jpg\",\"width\":450,\"height\":444,\"caption\":\"discriminazione sindacale\"},{\"@type\":\"WebPage\",\"@id\":\"http:\/\/www.osservatoriodiscriminazioni.org\/index.php\/2016\/01\/28\/discr-sindacale-corte-app-trieste-sent-ott-2015\/#webpage\",\"url\":\"http:\/\/www.osservatoriodiscriminazioni.org\/index.php\/2016\/01\/28\/discr-sindacale-corte-app-trieste-sent-ott-2015\/\",\"name\":\"Discriminazione sindacale, licenziamento, Corte App. Trieste\",\"isPartOf\":{\"@id\":\"http:\/\/www.osservatoriodiscriminazioni.org\/#website\"},\"primaryImageOfPage\":{\"@id\":\"http:\/\/www.osservatoriodiscriminazioni.org\/index.php\/2016\/01\/28\/discr-sindacale-corte-app-trieste-sent-ott-2015\/#primaryimage\"},\"datePublished\":\"2016-01-28T08:36:30+00:00\",\"dateModified\":\"2016-01-28T08:36:30+00:00\",\"author\":{\"@id\":\"http:\/\/www.osservatoriodiscriminazioni.org\/#\/schema\/person\/6ab94f9e22fe6d45aa358019825cfff0\"},\"description\":\"Si era quindi invero in presenza di una serie di episodi nei quali l\\u2019impresa, a mezzo del sto legale rappresentante, ebbe a manifestare con continuit\\u00e0 e per anni la sua avversione a G P facendo intendere che la sua presenza in azienda era mal sopportata. I dati raccolti, e di cui su si \\u00e8 esposto, consentono di reputare essere stata provata, come era onere dell\\u2019attore, la natura discriminatoria dell\\u2019atto di licenziamento.\",\"breadcrumb\":{\"@id\":\"http:\/\/www.osservatoriodiscriminazioni.org\/index.php\/2016\/01\/28\/discr-sindacale-corte-app-trieste-sent-ott-2015\/#breadcrumb\"},\"inLanguage\":\"it-IT\",\"potentialAction\":[{\"@type\":\"ReadAction\",\"target\":[\"http:\/\/www.osservatoriodiscriminazioni.org\/index.php\/2016\/01\/28\/discr-sindacale-corte-app-trieste-sent-ott-2015\/\"]}]},{\"@type\":\"BreadcrumbList\",\"@id\":\"http:\/\/www.osservatoriodiscriminazioni.org\/index.php\/2016\/01\/28\/discr-sindacale-corte-app-trieste-sent-ott-2015\/#breadcrumb\",\"itemListElement\":[{\"@type\":\"ListItem\",\"position\":1,\"item\":{\"@type\":\"WebPage\",\"@id\":\"http:\/\/www.osservatoriodiscriminazioni.org\/\",\"url\":\"http:\/\/www.osservatoriodiscriminazioni.org\/\",\"name\":\"Home\"}},{\"@type\":\"ListItem\",\"position\":2,\"item\":{\"@type\":\"WebPage\",\"@id\":\"http:\/\/www.osservatoriodiscriminazioni.org\/index.php\/2016\/01\/28\/discr-sindacale-corte-app-trieste-sent-ott-2015\/\",\"url\":\"http:\/\/www.osservatoriodiscriminazioni.org\/index.php\/2016\/01\/28\/discr-sindacale-corte-app-trieste-sent-ott-2015\/\",\"name\":\"Discriminazione sindacale, Corte d&#8217;appello di Trieste, sentenza 1 ottobre 2015\"}}]},{\"@type\":\"Person\",\"@id\":\"http:\/\/www.osservatoriodiscriminazioni.org\/#\/schema\/person\/6ab94f9e22fe6d45aa358019825cfff0\",\"name\":\"Jennifer Michelotti\",\"image\":{\"@type\":\"ImageObject\",\"@id\":\"http:\/\/www.osservatoriodiscriminazioni.org\/#personlogo\",\"inLanguage\":\"it-IT\",\"url\":\"http:\/\/0.gravatar.com\/avatar\/c6485836d0e47edbb733e5a03fce9730?s=96&d=mm&r=g\",\"contentUrl\":\"http:\/\/0.gravatar.com\/avatar\/c6485836d0e47edbb733e5a03fce9730?s=96&d=mm&r=g\",\"caption\":\"Jennifer Michelotti\"}}]}<\/script>\n<!-- \/ Yoast SEO plugin. -->","_links":{"self":[{"href":"http:\/\/www.osservatoriodiscriminazioni.org\/index.php\/wp-json\/wp\/v2\/posts\/463"}],"collection":[{"href":"http:\/\/www.osservatoriodiscriminazioni.org\/index.php\/wp-json\/wp\/v2\/posts"}],"about":[{"href":"http:\/\/www.osservatoriodiscriminazioni.org\/index.php\/wp-json\/wp\/v2\/types\/post"}],"author":[{"embeddable":true,"href":"http:\/\/www.osservatoriodiscriminazioni.org\/index.php\/wp-json\/wp\/v2\/users\/3"}],"replies":[{"embeddable":true,"href":"http:\/\/www.osservatoriodiscriminazioni.org\/index.php\/wp-json\/wp\/v2\/comments?post=463"}],"version-history":[{"count":1,"href":"http:\/\/www.osservatoriodiscriminazioni.org\/index.php\/wp-json\/wp\/v2\/posts\/463\/revisions"}],"predecessor-version":[{"id":465,"href":"http:\/\/www.osservatoriodiscriminazioni.org\/index.php\/wp-json\/wp\/v2\/posts\/463\/revisions\/465"}],"wp:featuredmedia":[{"embeddable":true,"href":"http:\/\/www.osservatoriodiscriminazioni.org\/index.php\/wp-json\/wp\/v2\/media\/467"}],"wp:attachment":[{"href":"http:\/\/www.osservatoriodiscriminazioni.org\/index.php\/wp-json\/wp\/v2\/media?parent=463"}],"wp:term":[{"taxonomy":"category","embeddable":true,"href":"http:\/\/www.osservatoriodiscriminazioni.org\/index.php\/wp-json\/wp\/v2\/categories?post=463"},{"taxonomy":"post_tag","embeddable":true,"href":"http:\/\/www.osservatoriodiscriminazioni.org\/index.php\/wp-json\/wp\/v2\/tags?post=463"}],"curies":[{"name":"wp","href":"https:\/\/api.w.org\/{rel}","templated":true}]}}