{"id":512,"date":"2016-03-08T16:17:44","date_gmt":"2016-03-08T15:17:44","guid":{"rendered":"http:\/\/www.osservatoriodiscriminazioni.org\/?p=512"},"modified":"2016-03-08T16:17:44","modified_gmt":"2016-03-08T15:17:44","slug":"corte-di-cass-discr-eta-rinvio-pregiud-corte-di-giustizia-ord-interlocutoria-del-15-dic-2015","status":"publish","type":"post","link":"http:\/\/www.osservatoriodiscriminazioni.org\/index.php\/2016\/03\/08\/corte-di-cass-discr-eta-rinvio-pregiud-corte-di-giustizia-ord-interlocutoria-del-15-dic-2015\/","title":{"rendered":"Corte di Cassazione, discriminazione in base all&#8217;et\u00e0, rinvio pregiudiziale alla Corte di Giustizia, Ordinanza interlocutoria del 15 dicembre 2015."},"content":{"rendered":"<p style=\"text-align: center;\"><strong>LA CORTE SUPREMA DI CASSAZIONE<\/strong><\/p>\n<p style=\"text-align: center;\"><strong>SEZIONE LAVORO<\/strong><\/p>\n<p>Composta dagli Ill.mi Sigg.ri Magistrati:<\/p>\n<p>Dott. PAOLO STILE &#8211; Presidente<\/p>\n<p>Dott. GIUSEPPE NAPOLETANO &#8211; Rel. Consigliere -Rep.<\/p>\n<p>Dott. ANTONIO MANNA &#8211; Consigliere<\/p>\n<p>Dott. PAOLO NEGRI DELLA TORRE &#8211; Consigliere &#8211;<\/p>\n<p>Dott. FEDERICO BALESTRIERI &#8211; Consigliere &#8211;<\/p>\n<p>ha pronunciato la seguente<\/p>\n<p style=\"text-align: center;\"><strong>ORDINANZA INTERLOCUTORIA<\/strong><\/p>\n<p>sul ricorso 28369-2014 proposto da:<\/p>\n<p>A &amp; F ITALIA S.R.L., in persona del legale rappresentante pro tempore,<\/p>\n<p>elettivamente domiciliata in ROMA, VIALE DI VILLA MASSIMO 57, presso lo studio dell&#8217;avvocato GUIDO<\/p>\n<p>BROCCHIERI, che la rappresenta e difende unitamente all&#8217;avvocato GIANFRANCO DI GARBO, giusta procura<\/p>\n<p>speciale notarile in atti;<\/p>\n<p style=\"text-align: right;\"><strong><em>&#8211; ricorrente &#8211;<\/em><\/strong><\/p>\n<p style=\"text-align: center;\"><strong><em>contro<\/em><\/strong><\/p>\n<p>B A, elettivamente domiciliato in ROMA, VIA DI PIETRALATA 320\/D, presso lo studio dell&#8217;avvocato GIGLIOLA MAZZA RICCI, che lo rappresenta e difende unitamente all&#8217;avvocato ALBERTO GUARISO, giusta delega in atti;<\/p>\n<p style=\"text-align: center;\"><strong><em>&#8211; controri corrente <\/em><\/strong>&#8211;<\/p>\n<p>avverso la sentenza n. 406\/2014 della CORTE D&#8217;APPELLO di MILANO, depositata il 03\/07\/2014 R.G.N. 1044\/2013; udita la relazione della causa svolta nella pubblica udienza del 15\/12\/2015 dal Consigliere Dott. GIUSEPPE NAPOLETANO;<\/p>\n<p>udito l&#8217;Avvocato FIORELLI GAETANO IORIO per delega<\/p>\n<p>Avvocato DI GARBO GIANFRANCO;<\/p>\n<p>udito l&#8217;Avvocato GUARISO ALBERTO;<\/p>\n<p>udito il P.M. in persona del Sostituto Procuratore<\/p>\n<p>Generale Dott. MARCELLO MATERA che ha concluso per il rigetto del ricorso.<\/p>\n<p>IN FATTO E DIRITTO<\/p>\n<p>Rilevato che:<\/p>\n<p>la Corte di Appello di Milano, riformando l&#8217;ordinanza del Tribunale di Milano, che aveva dichiarato improponibile il ricorso proposto, <em>ex<\/em> art.28 &#8216;del dlgs n. 150 del 2011 e 702 <em>bis <\/em>cpc, da A B nei confronti A &amp; F Italia srl con il quale si deduceva l&#8217;illegittimit\u00e0 per discriminazione in ragione dell&#8217;et\u00e0 del contratto di lavoro intermittente a tempo determinato stipulato in data 14 dicembre 2010 e convertito a tempo indeterminato in data 10 gennaio 2012 \u00a0e del relativo licenziamento intimatogli al raggiungimento del venticinquesimo anno di et\u00e0 avvenuto il 26 luglio 2012, accoglieva la domanda condannando, ritenuta la intercorrenza di un rapporto di lavoro subordinato a tempo indeterminato, la predetta societ\u00e0 a riammettere il lavoratore nel posto di lavoro ed a pagargli il risarcimento del danno;<\/p>\n<p>a base del <em>decisum <\/em>la Corte del merito poneva, innanzitutto, il rilievo secondo il quale lo speciale procedimento previsto per le controversie in materia di discriminazione dall&#8217;art.28 del dlgs n. 150 del 2011 non era stato abrogato dal c.d. rito Fornero di cui all&#8217;art. 1, commi 48 e segg. della legge 28 giugno 2012 n. 92, per l&#8217;accertamento della legittimit\u00e0 del recesso datoriale, sicch\u00e9 correttamente il lavoratore aveva azionato la domanda giudiziale secondo il predetto art. 28 del citato dlgs n. 150 del 2011 tanto pi\u00f9 che, nella specie,sottolineava la Corte del merito, il richiamo, nella domanda, all&#8217;art. 18 della legge n. 300 del 1970 era strumentale alla invocata cessazione del comportamento discriminatorio;<\/p>\n<p>nel merito, la Corte distrettuale, riteneva che il contratto di lavoro intermittente concluso, in base al secondo comma dell&#8217;art. 34 del dlgs n.276 del 2003, con il B ed il licenziamento intimatogli in relazione del raggiungimento del 25 anno di et\u00e0 erano contrari al principio di non discriminazione dell&#8217;et\u00e0 di cui alla direttiva 2000\/78 CE in quanto la disciplina di cui al detto art. 34 del dlgs n.276 del 2003 &#8220;trovava fondamento esclusivamente sull&#8217;et\u00e0 senza alcuna altra specificazione non essendo richiamata alcuna ulteriore condizione soggettiva del lavoratore e non avendo esplicitamente finalizzato tale scelta ad alcun obiettivo individuabile&#8221;;<\/p>\n<p>conseguentemente, secondo la Corte di Appello, il contratto di lavoro intermittente <em>i <\/em>concluso in esclusiva ragione dell&#8217;et\u00e0, era illegittimo ed il rapporto di lavoro doveva considerarsi a tempo indeterminato con orario <em>part &#8211; time <\/em>et non essendosi detto rapporto risolto validamente\/ la societ\u00e0 andava condannata a riammettere il lavoratore nel posto di lavoro ed a risarcirgli il danno nella misura della retribuzione \u2013 da agosto 2012 alla data della sentenza &#8211; calcolata secondo la media mensile percepita nel corso del rapporto di lavoro;<\/p>\n<p>avverso questa sentenza la societ\u00e0 ricorre in cassazione sulla base di tre censure, illustrate da memoria, cui si oppone con controricorso la parte intimata;<\/p>\n<p>con la prima censura la societ\u00e0, deducendo violazione e\/o falsa applicazione dell&#8217;art. 18 della legge n. 300 del 1970 nonch\u00e9 degli artt. 702 <em>bis <\/em>e 702 <em>quater <\/em>cpc, prospetta che la Corte del merito ha erroneamente ritenuto che la natura discriminatoria del licenziamento potesse essere azionata <em>ex <\/em>art.28 dlgs n. 150 del 2011 e non con il procedimento di cui all&#8217;art. 1, commi 48 e segg. della legge 28 giugno 2012 n. 92;<\/p>\n<p>con il secondo motivo la societ\u00e0, denunciando violazione e\/o falsa applicazione dell&#8217;art. 34, comma 2, del dlgs n.276 del 2003, della Direttiva 2000\/78\/CE, nonch\u00e9 del principio generale di diritto comunitario inerente il divieto di discriminazione in ragione dell&#8217;et\u00e0 e violazione del principio del primato del diritto comunitario sul diritto interno, sostiene che ha errato la Corte del merito nel ritenere violato il principio di non discriminazione perch\u00e9, nella specie, si tratta di una legge che favorisce i lavoratori in ragione della loro et\u00e0 e non viceversa e l&#8217;art. 34, comma 2, del dlgs n.276 del 2003 \u00e8 sovrapponibile alla Direttiva 2000\/78\/CE; chiede, poi, la societ\u00e0 sotto i diversi profili denunciati che la questione sia rimessa alla Corte di giustizia;<\/p>\n<p>con la terza critica la societ\u00e0, allegando violazione e\/o falsa applicazione dell&#8217;art. 34, comma 2, del il dlgs n.276 del 2003,assume che la invalidit\u00e0 del contratto di lavoro intermittente o a chiamata pu\u00f2 essere sanzionata con il risarcimento del danno e non con la conversione del rapporto a tempo indeterminato e che comunque il danno liquidato non pu\u00f2 essere equiparato alla media delle retribuzioni corrisposte;<\/p>\n<p>la societ\u00e0,poi, richiama i motivi gi\u00e0 proposti avanti la Corte di Appello e non presi in considerazione.<\/p>\n<p>Considerato che:<\/p>\n<p>secondo giurisprudenza costante di questa Corte l&#8217;inesattezza del rito non determina di per s\u00e8 l&#8217;inesistenza o la nullit\u00e0 della sentenza, ma assume rilevanza invalidante soltanto nell&#8217;ipotesi, non ricorrente nel caso di specie, in cui, in sede di impugnazione, la parte indichi lo specifico pregiudizio processuale concretamente derivatole dalla mancata adozione del rito diverso, quali una precisa e apprezzabile lesione del diritto di difesa, del contraddittorio e, in generale, delle prerogative processuali protette della parte (Cass. 18 luglio 2008 n.19942,Cass. S.U.10 febbraio 2009 n.3758, Cass.22 ottobre 2014 n.22325 e Cass. 27 gennaio 2015 n.1448);<\/p>\n<p>il contratto di lavoro intercorso tra le parti in causa \u00e8 stato stipulato ai sensi del secondo comma dell&#8217;art. 34 del dlgs n.276 del 2003 che, all&#8217;epoca dei fatti, prevedeva la possibilit\u00e0 che il contratto di lavoro intermittente potesse essere concluso con riferimento a prestazioni rese da soggetti con meno di venticinque anni di et\u00e0;<\/p>\n<p>il B assunto quando ancora non aveva compiuto il venticinquesimo anno di et\u00e0 veniva, successivamente, licenziato in ragione esclusiva del compimento di detta et\u00e0;<\/p>\n<p>il dlgs n.276 del 2003 di &#8220;Attuazione delle deleghe in materia di occupazione e mercato del lavoro, di cui alla legge 14 febbraio 2003,n.30&#8221;, all&#8217;art. 34, nella formulazione applicabile alla data di assunzione, dopo aver sancito, al primo comma, &#8220;Il contratto di lavoro intermittente pu\u00f2 essere concluso per lo svolgimento di prestazioni di carattere discontinuo o intermittente, secondo le esigenze individuate dai contratti collettivi stipulati da associazioni dei datori e prestatori di lavoro comparativamente pi\u00f9 rappresentative sul piano nazionale o territoriale ovvero per periodi predeterminati nell&#8217;arco della settimana, del mese o dell&#8217;anno ai sensi dell&#8217;articolo 376&#8221; , prevedeva, al secondo coma, che &#8220;Il contratto di lavoro intermittente pu\u00f2 in ogni caso essere concluso con riferimento a prestazioni rese da soggetti con meno di venticinque anni di et\u00e0 ovvero da lavoratori con pi\u00f9 di quarantacinque anni di et\u00e0, anche pensionati&#8221;;<\/p>\n<p>alla data del licenziamento il predetto secondo comma dell&#8217;art. 34 stabiliva che \u201cIl contratto di lavoro intermittente pu\u00f2 in ogni caso essere concluso con soggetti con pi\u00f9 di cinquantacinque anni di et\u00e0 e con soggetti con meno di ventiquattro anni di et\u00e0, fermo restando in tale caso che le prestazioni contrattuali devono essere svolte entro il venticinquesimo anno di et\u00e0&#8221;;<\/p>\n<p>il richiamato secondo comma di cui all&#8217;art. 34 del dlgs n.276 del 2003 potrebbe porsi, stante lo specifico e caratterizzante riferimento all&#8217;et\u00e0, in conflitto con il principio di non discriminazione in base all&#8217;et\u00e0 che deve essere considerato ( Cfr. sentenza 19 gennaio 2010, causa C-555\/07 Ktictikdeveci, punto 21) un principio generale del diritto dell&#8217;Unione (V., sentenza 22 novembre 2005, causa C-144\/04, Mangold) cui la Direttiva 2000\/78 d\u00e0 espressione concreta (V. sentenza 8 aprile 1976, causa 43\/75, Def renne, Racc. pag. 455, punto<\/p>\n<p>54);<\/p>\n<p>la Carta dei diritti fondamentali dell&#8217;Unione europea, la quale secondo l&#8217;art. 6, n. 1, TUE ha lo stesso valore giuridico dei trattati, all&#8217;art. 21, n. 1 vieta qualsiasi forma di discriminazione fondata, in particolare, (&#8230;)sull&#8217;et\u00e0 ( in tal senso V. sentenza 19 gennaio 2010, causa C-555\/07 Kticiikdeveci, cit. punto 22);<\/p>\n<p>l&#8217;art. 6, n. 1, primo comma, della predetta Direttiva 2000\/78 enuncia che una disparit\u00e0 di trattamento in base all&#8217;et\u00e0 non costituisce discriminazione laddove essa sia oggettivamente e ragionevolmente giustificata, nell&#8217;ambito del diritto nazionale, da una finalit\u00e0 legittima, compresi giustificati obiettivi di politica del lavoro, di mercato del lavoro e di formazione professionale, e i mezzi per il conseguimento di tale finalit\u00e0 siano appropriati e necessari (cos\u00ec sentenza 19 gennaio 2010, causa C-555\/07 Ktictikdeveci, cit. punto 33);<\/p>\n<p>nella specie la formulazione dell&#8217;allora vigente, secondo comma, dell&#8217; art. 34 del dlgs n.276 del 2003 dlgs n.276 del 2003 di &#8220;Attuazione delle deleghe in materia di occupazione e mercato del lavoro, di cui alla legge 14 febbraio 2003,n.30&#8243;( ora trasfuso, con modificazioni, e previa abrogazione dei detti artt. 33 e 34 dlgs n.276 del 2003, nell&#8217; art. 13, secondo comma, del dlgs n. 81 del 2015) mostra di non contenere alcuna esplicita ragione rilevante ai sensi dell&#8217;art. 6, n. l, primo comma, della citata Direttiva 2000\/78;<\/p>\n<p>questa Corte di legittimit\u00e0 ritiene, con riferimento alla disposizione nazionale di cui in narrativa, di sollevare, ex art. 267, TFUE, questione pregiudiziale sull&#8217;interpretazione del principio di non discriminazione in base all&#8217;et\u00e0, quale espresso concretamente dalla direttiva 2000\/78 e dalla Carta dei diritti fondamentali dell&#8217;Unione europea (art. 21, n. l).<\/p>\n<p style=\"text-align: center;\"><strong>P.Q.M.<\/strong><\/p>\n<p>1.Dispone, ai sensi e per gli effetti dell&#8217;art. 267 del Trattato sul Funzionamento dell&#8217;Unione europea di chiedere, in via pregiudiziale, alla Corte di giustizia dell&#8217;Unione europea se la normativa nazionale di cui all&#8217;art. 34 del dlgs n.276 del 2003, secondo la quale il contratto di lavoro intermittente pu\u00f2 in ogni caso essere concluso con riferimento a prestazioni rese da soggetti con meno di venticinque anni di et\u00e0, sia contraria al principio di non discriminazione in base all&#8217;et\u00e0, di cui alla Direttiva 2000\/78 e alla Carta dei diritti fondamentali dell&#8217;Unione europea (art. 21, n. 1).<\/p>\n<p>2.sospende il presente giudizio sino alla definizione delle suddetta questione pregiudiziale;<\/p>\n<p>3.ordina l&#8217;immediata trasmissione di copia della presente ordinanza, unitamente agli atti del giudizio, alla cancelleria della Corte di giustizia europea.<\/p>\n<p>Cos\u00ec deciso in Roma nella camera di consiglio del 15 dicembre 2015<\/p>\n<p>&nbsp;<\/p>\n","protected":false},"excerpt":{"rendered":"<p>LA CORTE SUPREMA DI CASSAZIONE SEZIONE LAVORO Composta dagli Ill.mi Sigg.ri Magistrati: Dott. PAOLO STILE &#8211; Presidente Dott. GIUSEPPE NAPOLETANO<\/p>\n","protected":false},"author":3,"featured_media":515,"comment_status":"closed","ping_status":"open","sticky":false,"template":"","format":"standard","meta":[],"categories":[43,5],"tags":[17,25],"yoast_head":"<!-- This site is optimized with the Yoast SEO plugin v16.1.1 - https:\/\/yoast.com\/wordpress\/plugins\/seo\/ -->\n<title>discriminazione in base all&#039;et\u00e0, rinvio CGUE<\/title>\n<meta name=\"description\" content=\"il richiamato secondo comma di cui all&#039;art. 34 del dlgs n.276 del 2003 potrebbe porsi, stante lo specifico e caratterizzante riferimento all&#039;et\u00e0, in conflitto con il principio di non discriminazione in base all&#039;et\u00e0 che deve essere considerato un principio generale del diritto dell&#039;Unione\" \/>\n<link rel=\"canonical\" href=\"http:\/\/www.osservatoriodiscriminazioni.org\/index.php\/2016\/03\/08\/corte-di-cass-discr-eta-rinvio-pregiud-corte-di-giustizia-ord-interlocutoria-del-15-dic-2015\/\" \/>\n<meta property=\"og:locale\" content=\"it_IT\" \/>\n<meta property=\"og:type\" content=\"article\" \/>\n<meta property=\"og:title\" content=\"discriminazione in base all&#039;et\u00e0, rinvio CGUE\" \/>\n<meta property=\"og:description\" content=\"il richiamato secondo comma di cui all&#039;art. 34 del dlgs n.276 del 2003 potrebbe porsi, stante lo specifico e caratterizzante riferimento all&#039;et\u00e0, in conflitto con il principio di non discriminazione in base all&#039;et\u00e0 che deve essere considerato un principio generale del diritto dell&#039;Unione\" \/>\n<meta property=\"og:url\" content=\"http:\/\/www.osservatoriodiscriminazioni.org\/index.php\/2016\/03\/08\/corte-di-cass-discr-eta-rinvio-pregiud-corte-di-giustizia-ord-interlocutoria-del-15-dic-2015\/\" \/>\n<meta property=\"og:site_name\" content=\"Osservatorio Sulle Discriminazioni\" \/>\n<meta property=\"article:publisher\" content=\"https:\/\/www.facebook.com\/osservatoriodiscriminaz\" \/>\n<meta property=\"article:published_time\" content=\"2016-03-08T15:17:44+00:00\" \/>\n<meta property=\"og:image\" content=\"http:\/\/www.osservatoriodiscriminazioni.org\/wp-content\/uploads\/2016\/03\/stop-age-discrimination.jpg\" \/>\n\t<meta property=\"og:image:width\" content=\"205\" \/>\n\t<meta property=\"og:image:height\" content=\"246\" \/>\n<meta name=\"twitter:card\" content=\"summary\" \/>\n<meta name=\"twitter:creator\" content=\"@ossdiscriminaz\" \/>\n<meta name=\"twitter:site\" content=\"@ossdiscriminaz\" \/>\n<meta name=\"twitter:label1\" content=\"Tempo di lettura stimato\">\n\t<meta name=\"twitter:data1\" content=\"8 minuti\">\n<script type=\"application\/ld+json\" class=\"yoast-schema-graph\">{\"@context\":\"https:\/\/schema.org\",\"@graph\":[{\"@type\":\"WebSite\",\"@id\":\"http:\/\/www.osservatoriodiscriminazioni.org\/#website\",\"url\":\"http:\/\/www.osservatoriodiscriminazioni.org\/\",\"name\":\"Osservatorio Sulle Discriminazioni\",\"description\":\"Monitoraggio della giurisprudenza italiana in tema di diritto antidiscriminatorio\",\"potentialAction\":[{\"@type\":\"SearchAction\",\"target\":\"http:\/\/www.osservatoriodiscriminazioni.org\/?s={search_term_string}\",\"query-input\":\"required name=search_term_string\"}],\"inLanguage\":\"it-IT\"},{\"@type\":\"ImageObject\",\"@id\":\"http:\/\/www.osservatoriodiscriminazioni.org\/index.php\/2016\/03\/08\/corte-di-cass-discr-eta-rinvio-pregiud-corte-di-giustizia-ord-interlocutoria-del-15-dic-2015\/#primaryimage\",\"inLanguage\":\"it-IT\",\"url\":\"http:\/\/www.osservatoriodiscriminazioni.org\/wp-content\/uploads\/2016\/03\/stop-age-discrimination.jpg\",\"contentUrl\":\"http:\/\/www.osservatoriodiscriminazioni.org\/wp-content\/uploads\/2016\/03\/stop-age-discrimination.jpg\",\"width\":205,\"height\":246,\"caption\":\"discriminazione in base all'et\\u00e0\"},{\"@type\":\"WebPage\",\"@id\":\"http:\/\/www.osservatoriodiscriminazioni.org\/index.php\/2016\/03\/08\/corte-di-cass-discr-eta-rinvio-pregiud-corte-di-giustizia-ord-interlocutoria-del-15-dic-2015\/#webpage\",\"url\":\"http:\/\/www.osservatoriodiscriminazioni.org\/index.php\/2016\/03\/08\/corte-di-cass-discr-eta-rinvio-pregiud-corte-di-giustizia-ord-interlocutoria-del-15-dic-2015\/\",\"name\":\"discriminazione in base all'et\\u00e0, rinvio CGUE\",\"isPartOf\":{\"@id\":\"http:\/\/www.osservatoriodiscriminazioni.org\/#website\"},\"primaryImageOfPage\":{\"@id\":\"http:\/\/www.osservatoriodiscriminazioni.org\/index.php\/2016\/03\/08\/corte-di-cass-discr-eta-rinvio-pregiud-corte-di-giustizia-ord-interlocutoria-del-15-dic-2015\/#primaryimage\"},\"datePublished\":\"2016-03-08T15:17:44+00:00\",\"dateModified\":\"2016-03-08T15:17:44+00:00\",\"author\":{\"@id\":\"http:\/\/www.osservatoriodiscriminazioni.org\/#\/schema\/person\/6ab94f9e22fe6d45aa358019825cfff0\"},\"description\":\"il richiamato secondo comma di cui all'art. 34 del dlgs n.276 del 2003 potrebbe porsi, stante lo specifico e caratterizzante riferimento all'et\\u00e0, in conflitto con il principio di non discriminazione in base all'et\\u00e0 che deve essere considerato un principio generale del diritto dell'Unione\",\"breadcrumb\":{\"@id\":\"http:\/\/www.osservatoriodiscriminazioni.org\/index.php\/2016\/03\/08\/corte-di-cass-discr-eta-rinvio-pregiud-corte-di-giustizia-ord-interlocutoria-del-15-dic-2015\/#breadcrumb\"},\"inLanguage\":\"it-IT\",\"potentialAction\":[{\"@type\":\"ReadAction\",\"target\":[\"http:\/\/www.osservatoriodiscriminazioni.org\/index.php\/2016\/03\/08\/corte-di-cass-discr-eta-rinvio-pregiud-corte-di-giustizia-ord-interlocutoria-del-15-dic-2015\/\"]}]},{\"@type\":\"BreadcrumbList\",\"@id\":\"http:\/\/www.osservatoriodiscriminazioni.org\/index.php\/2016\/03\/08\/corte-di-cass-discr-eta-rinvio-pregiud-corte-di-giustizia-ord-interlocutoria-del-15-dic-2015\/#breadcrumb\",\"itemListElement\":[{\"@type\":\"ListItem\",\"position\":1,\"item\":{\"@type\":\"WebPage\",\"@id\":\"http:\/\/www.osservatoriodiscriminazioni.org\/\",\"url\":\"http:\/\/www.osservatoriodiscriminazioni.org\/\",\"name\":\"Home\"}},{\"@type\":\"ListItem\",\"position\":2,\"item\":{\"@type\":\"WebPage\",\"@id\":\"http:\/\/www.osservatoriodiscriminazioni.org\/index.php\/2016\/03\/08\/corte-di-cass-discr-eta-rinvio-pregiud-corte-di-giustizia-ord-interlocutoria-del-15-dic-2015\/\",\"url\":\"http:\/\/www.osservatoriodiscriminazioni.org\/index.php\/2016\/03\/08\/corte-di-cass-discr-eta-rinvio-pregiud-corte-di-giustizia-ord-interlocutoria-del-15-dic-2015\/\",\"name\":\"Corte di Cassazione, discriminazione in base all&#8217;et\\u00e0, rinvio pregiudiziale alla Corte di Giustizia, Ordinanza interlocutoria del 15 dicembre 2015.\"}}]},{\"@type\":\"Person\",\"@id\":\"http:\/\/www.osservatoriodiscriminazioni.org\/#\/schema\/person\/6ab94f9e22fe6d45aa358019825cfff0\",\"name\":\"Jennifer Michelotti\",\"image\":{\"@type\":\"ImageObject\",\"@id\":\"http:\/\/www.osservatoriodiscriminazioni.org\/#personlogo\",\"inLanguage\":\"it-IT\",\"url\":\"http:\/\/0.gravatar.com\/avatar\/c6485836d0e47edbb733e5a03fce9730?s=96&d=mm&r=g\",\"contentUrl\":\"http:\/\/0.gravatar.com\/avatar\/c6485836d0e47edbb733e5a03fce9730?s=96&d=mm&r=g\",\"caption\":\"Jennifer Michelotti\"}}]}<\/script>\n<!-- \/ Yoast SEO plugin. -->","_links":{"self":[{"href":"http:\/\/www.osservatoriodiscriminazioni.org\/index.php\/wp-json\/wp\/v2\/posts\/512"}],"collection":[{"href":"http:\/\/www.osservatoriodiscriminazioni.org\/index.php\/wp-json\/wp\/v2\/posts"}],"about":[{"href":"http:\/\/www.osservatoriodiscriminazioni.org\/index.php\/wp-json\/wp\/v2\/types\/post"}],"author":[{"embeddable":true,"href":"http:\/\/www.osservatoriodiscriminazioni.org\/index.php\/wp-json\/wp\/v2\/users\/3"}],"replies":[{"embeddable":true,"href":"http:\/\/www.osservatoriodiscriminazioni.org\/index.php\/wp-json\/wp\/v2\/comments?post=512"}],"version-history":[{"count":3,"href":"http:\/\/www.osservatoriodiscriminazioni.org\/index.php\/wp-json\/wp\/v2\/posts\/512\/revisions"}],"predecessor-version":[{"id":516,"href":"http:\/\/www.osservatoriodiscriminazioni.org\/index.php\/wp-json\/wp\/v2\/posts\/512\/revisions\/516"}],"wp:featuredmedia":[{"embeddable":true,"href":"http:\/\/www.osservatoriodiscriminazioni.org\/index.php\/wp-json\/wp\/v2\/media\/515"}],"wp:attachment":[{"href":"http:\/\/www.osservatoriodiscriminazioni.org\/index.php\/wp-json\/wp\/v2\/media?parent=512"}],"wp:term":[{"taxonomy":"category","embeddable":true,"href":"http:\/\/www.osservatoriodiscriminazioni.org\/index.php\/wp-json\/wp\/v2\/categories?post=512"},{"taxonomy":"post_tag","embeddable":true,"href":"http:\/\/www.osservatoriodiscriminazioni.org\/index.php\/wp-json\/wp\/v2\/tags?post=512"}],"curies":[{"name":"wp","href":"https:\/\/api.w.org\/{rel}","templated":true}]}}